{"id":33380,"date":"2012-06-28T08:00:00","date_gmt":"2012-06-28T08:00:00","guid":{"rendered":"https:\/\/vidzeme.testeris.lv\/dissemination-event-how-tourism-can-contribute-to-active-ageing-debrecen-hungary\/"},"modified":"2024-05-20T09:24:04","modified_gmt":"2024-05-20T09:24:04","slug":"dissemination-event-how-tourism-can-contribute-to-active-ageing-debrecen-hungary","status":"publish","type":"post","link":"https:\/\/www.vidzeme.lv\/en\/dissemination-event-how-tourism-can-contribute-to-active-ageing-debrecen-hungary\/","title":{"rendered":"Dissemination event \u201cHow tourism can contribute to active ageing?\u201d &#8211; Debrecen, Hungary"},"content":{"rendered":"<div style=\"text-align: justify!important;\">\n<p>Representatives of local and regional authorities, academic institutions, tourism organisations and enterprises were present to share their ideas on senior tourism on the 8<sup>th<\/sup> June 2012 in Debrecen, Hungary. The event was an opportunity to introduce the TOURAGE INTERREG IVC project to the wider audience, and also to focus on the \u201c2012 &#8211; European Year for Active Ageing and Solidarity between Generations\u201d and its contribution to tourism development.<\/p>\n<p>&nbsp;<\/p>\n<p>&nbsp;<\/p>\n<p>Zsuzsanna Hul\u00e1k, head of department at the Ministry of Human Resources in her contribution stressed the importance of national strategies assisting ageing generations. She stressed the initiatives of the government and also put special emphasis on tourism as a field of activity of elderly people. Ilona Katona, director of the \u00c9szak-Alf\u00f6ld Regional Marketing Directorate of Hungarian Tourism Plc. in her intervention shared recent statistics and main field of activities of senior tourists from a global and local perspective. She also shared their marketing activities focusing on seniors.<\/p>\n<p>The event made a good atmosphere for discussions, and sharing good practices. Istv\u00e1n Ol\u00e1h, director of Szabolcs-Szatm\u00e1r-Bereg County Regional Development and Environment Management Agency introduced tourism solutions and projects especially focusing on cultural heritage protection. In order to show possible financing solutions as well, the recent call of \u00c9szak-Alf\u00f6ld Regional Operation Programme financed through ERDF was also presented on the 1<sup>st<\/sup> TOURAGE Regional Working Group Meeting and Dissemination Event in Debrecen organized by \u00c9szak-Alf\u00f6ld Regional Development Agency. G\u00e1bor G\u00f6m\u00f6ri, project manager of the \u00c9ARDA Intermediate Body presented the call for regional tourism attractions which has a budget of 22,5 million euros, and can contribute to the development of senior tourism.<\/p>\n<\/div>\n","protected":false},"excerpt":{"rendered":"<p>Representatives of local and regional authorities, academic institutions, tourism organisations and enterprises were present to share their ideas on senior tourism on the 8th June 2012 in Debrecen, Hungary. The event was an opportunity to introduce the TOURAGE INTERREG IVC project to the wider audience, and also to focus on the \u201c2012 &#8211; European Year [&hellip;]<\/p>\n","protected":false},"author":4,"featured_media":32107,"comment_status":"open","ping_status":"open","sticky":false,"template":"","format":"standard","meta":{"_acf_changed":false,"footnotes":""},"categories":[],"tags":[],"class_list":["post-33380","post","type-post","status-publish","format-standard","has-post-thumbnail","hentry"],"acf":[],"yoast_head":"<!-- This site is optimized with the Yoast SEO plugin v25.6 - https:\/\/yoast.com\/wordpress\/plugins\/seo\/ -->\n<title>Dissemination event \u201cHow tourism can contribute to active ageing?\u201d - Debrecen, Hungary - Vidzemes pl\u0101no\u0161anas re\u0123ions<\/title>\n<meta name=\"description\" content=\"Representatives of local and regional authorities, academic institutions, tourism organisations and enterprises were present to share their ideas on senior tourism on the 8th June&hellip;\" \/>\n<meta name=\"robots\" content=\"index, follow, max-snippet:-1, max-image-preview:large, max-video-preview:-1\" \/>\n<link rel=\"canonical\" href=\"https:\/\/www.vidzeme.lv\/en\/dissemination-event-how-tourism-can-contribute-to-active-ageing-debrecen-hungary\/\" \/>\n<meta property=\"og:locale\" content=\"en_US\" \/>\n<meta property=\"og:type\" content=\"article\" \/>\n<meta property=\"og:title\" content=\"Dissemination event \u201cHow tourism can contribute to active ageing?\u201d - Debrecen, Hungary - Vidzemes pl\u0101no\u0161anas re\u0123ions\" \/>\n<meta property=\"og:description\" content=\"Representatives of local and regional authorities, academic institutions, tourism organisations and enterprises were present to share their ideas on senior tourism on the 8th June&hellip;\" \/>\n<meta property=\"og:url\" content=\"https:\/\/www.vidzeme.lv\/en\/dissemination-event-how-tourism-can-contribute-to-active-ageing-debrecen-hungary\/\" \/>\n<meta property=\"og:site_name\" content=\"Vidzemes pl\u0101no\u0161anas re\u0123ions\" \/>\n<meta property=\"article:published_time\" content=\"2012-06-28T08:00:00+00:00\" \/>\n<meta property=\"article:modified_time\" content=\"2024-05-20T09:24:04+00:00\" \/>\n<meta property=\"og:image\" content=\"https:\/\/www.vidzeme.lv\/wp-content\/uploads\/2024\/05\/VPR_logo_horizontali_LV_krasains-e1722289993578.png\" \/>\n\t<meta property=\"og:image:width\" content=\"1000\" \/>\n\t<meta property=\"og:image:height\" content=\"281\" \/>\n\t<meta property=\"og:image:type\" content=\"image\/png\" \/>\n<meta name=\"author\" content=\"vidzeme\" \/>\n<meta name=\"twitter:card\" content=\"summary_large_image\" \/>\n<meta name=\"twitter:label1\" content=\"Written by\" \/>\n\t<meta name=\"twitter:data1\" content=\"vidzeme\" \/>\n\t<meta name=\"twitter:label2\" content=\"Est. reading time\" \/>\n\t<meta name=\"twitter:data2\" content=\"2 minutes\" \/>\n<script type=\"application\/ld+json\" class=\"yoast-schema-graph\">{\"@context\":\"https:\/\/schema.org\",\"@graph\":[{\"@type\":\"Article\",\"@id\":\"https:\/\/www.vidzeme.lv\/en\/dissemination-event-how-tourism-can-contribute-to-active-ageing-debrecen-hungary\/#article\",\"isPartOf\":{\"@id\":\"https:\/\/www.vidzeme.lv\/en\/dissemination-event-how-tourism-can-contribute-to-active-ageing-debrecen-hungary\/\"},\"author\":{\"name\":\"vidzeme\",\"@id\":\"https:\/\/www.vidzeme.lv\/en\/#\/schema\/person\/c6bb9637999e81cf06ff2fa444803bf4\"},\"headline\":\"Dissemination event \u201cHow tourism can contribute to active ageing?\u201d &#8211; Debrecen, Hungary\",\"datePublished\":\"2012-06-28T08:00:00+00:00\",\"dateModified\":\"2024-05-20T09:24:04+00:00\",\"mainEntityOfPage\":{\"@id\":\"https:\/\/www.vidzeme.lv\/en\/dissemination-event-how-tourism-can-contribute-to-active-ageing-debrecen-hungary\/\"},\"wordCount\":286,\"commentCount\":0,\"publisher\":{\"@id\":\"https:\/\/www.vidzeme.lv\/en\/#organization\"},\"image\":{\"@id\":\"https:\/\/www.vidzeme.lv\/en\/dissemination-event-how-tourism-can-contribute-to-active-ageing-debrecen-hungary\/#primaryimage\"},\"thumbnailUrl\":\"https:\/\/www.vidzeme.lv\/wp-content\/uploads\/2024\/05\/VPR_logo_horizontali_LV_krasains-e1722289993578.png\",\"inLanguage\":\"en-US\",\"potentialAction\":[{\"@type\":\"CommentAction\",\"name\":\"Comment\",\"target\":[\"https:\/\/www.vidzeme.lv\/en\/dissemination-event-how-tourism-can-contribute-to-active-ageing-debrecen-hungary\/#respond\"]}]},{\"@type\":\"WebPage\",\"@id\":\"https:\/\/www.vidzeme.lv\/en\/dissemination-event-how-tourism-can-contribute-to-active-ageing-debrecen-hungary\/\",\"url\":\"https:\/\/www.vidzeme.lv\/en\/dissemination-event-how-tourism-can-contribute-to-active-ageing-debrecen-hungary\/\",\"name\":\"Dissemination event \u201cHow tourism can contribute to active ageing?\u201d - Debrecen, Hungary - Vidzemes pl\u0101no\u0161anas re\u0123ions\",\"isPartOf\":{\"@id\":\"https:\/\/www.vidzeme.lv\/en\/#website\"},\"primaryImageOfPage\":{\"@id\":\"https:\/\/www.vidzeme.lv\/en\/dissemination-event-how-tourism-can-contribute-to-active-ageing-debrecen-hungary\/#primaryimage\"},\"image\":{\"@id\":\"https:\/\/www.vidzeme.lv\/en\/dissemination-event-how-tourism-can-contribute-to-active-ageing-debrecen-hungary\/#primaryimage\"},\"thumbnailUrl\":\"https:\/\/www.vidzeme.lv\/wp-content\/uploads\/2024\/05\/VPR_logo_horizontali_LV_krasains-e1722289993578.png\",\"datePublished\":\"2012-06-28T08:00:00+00:00\",\"dateModified\":\"2024-05-20T09:24:04+00:00\",\"description\":\"Representatives of local and regional authorities, academic institutions, tourism organisations and enterprises were present to share their ideas on senior tourism on the 8th June&hellip;\",\"breadcrumb\":{\"@id\":\"https:\/\/www.vidzeme.lv\/en\/dissemination-event-how-tourism-can-contribute-to-active-ageing-debrecen-hungary\/#breadcrumb\"},\"inLanguage\":\"en-US\",\"potentialAction\":[{\"@type\":\"ReadAction\",\"target\":[\"https:\/\/www.vidzeme.lv\/en\/dissemination-event-how-tourism-can-contribute-to-active-ageing-debrecen-hungary\/\"]}]},{\"@type\":\"ImageObject\",\"inLanguage\":\"en-US\",\"@id\":\"https:\/\/www.vidzeme.lv\/en\/dissemination-event-how-tourism-can-contribute-to-active-ageing-debrecen-hungary\/#primaryimage\",\"url\":\"https:\/\/www.vidzeme.lv\/wp-content\/uploads\/2024\/05\/VPR_logo_horizontali_LV_krasains-e1722289993578.png\",\"contentUrl\":\"https:\/\/www.vidzeme.lv\/wp-content\/uploads\/2024\/05\/VPR_logo_horizontali_LV_krasains-e1722289993578.png\",\"width\":1000,\"height\":281},{\"@type\":\"BreadcrumbList\",\"@id\":\"https:\/\/www.vidzeme.lv\/en\/dissemination-event-how-tourism-can-contribute-to-active-ageing-debrecen-hungary\/#breadcrumb\",\"itemListElement\":[{\"@type\":\"ListItem\",\"position\":1,\"name\":\"Home\",\"item\":\"https:\/\/www.vidzeme.lv\/en\/\"},{\"@type\":\"ListItem\",\"position\":2,\"name\":\"Dissemination event \u201cHow tourism can contribute to active ageing?\u201d &#8211; Debrecen, Hungary\"}]},{\"@type\":\"WebSite\",\"@id\":\"https:\/\/www.vidzeme.lv\/en\/#website\",\"url\":\"https:\/\/www.vidzeme.lv\/en\/\",\"name\":\"Vidzeme\",\"description\":\"Vidzemes pl\u0101no\u0161anas re\u0123ions\",\"publisher\":{\"@id\":\"https:\/\/www.vidzeme.lv\/en\/#organization\"},\"potentialAction\":[{\"@type\":\"SearchAction\",\"target\":{\"@type\":\"EntryPoint\",\"urlTemplate\":\"https:\/\/www.vidzeme.lv\/en\/?s={search_term_string}\"},\"query-input\":{\"@type\":\"PropertyValueSpecification\",\"valueRequired\":true,\"valueName\":\"search_term_string\"}}],\"inLanguage\":\"en-US\"},{\"@type\":\"Organization\",\"@id\":\"https:\/\/www.vidzeme.lv\/en\/#organization\",\"name\":\"Vidzemes pl\u0101no\u0161anas re\u0123ions\",\"url\":\"https:\/\/www.vidzeme.lv\/en\/\",\"logo\":{\"@type\":\"ImageObject\",\"inLanguage\":\"en-US\",\"@id\":\"https:\/\/www.vidzeme.lv\/en\/#\/schema\/logo\/image\/\",\"url\":\"https:\/\/www.vidzeme.lv\/wp-content\/uploads\/2023\/05\/logo.png\",\"contentUrl\":\"https:\/\/www.vidzeme.lv\/wp-content\/uploads\/2023\/05\/logo.png\",\"width\":291,\"height\":186,\"caption\":\"Vidzemes pl\u0101no\u0161anas re\u0123ions\"},\"image\":{\"@id\":\"https:\/\/www.vidzeme.lv\/en\/#\/schema\/logo\/image\/\"}},{\"@type\":\"Person\",\"@id\":\"https:\/\/www.vidzeme.lv\/en\/#\/schema\/person\/c6bb9637999e81cf06ff2fa444803bf4\",\"name\":\"vidzeme\",\"image\":{\"@type\":\"ImageObject\",\"inLanguage\":\"en-US\",\"@id\":\"https:\/\/www.vidzeme.lv\/en\/#\/schema\/person\/image\/\",\"url\":\"https:\/\/secure.gravatar.com\/avatar\/8ea6bbdf104c0883a0927c7916d220b6?s=96&d=mm&r=g\",\"contentUrl\":\"https:\/\/secure.gravatar.com\/avatar\/8ea6bbdf104c0883a0927c7916d220b6?s=96&d=mm&r=g\",\"caption\":\"vidzeme\"}}]}<\/script>\n<!-- \/ Yoast SEO plugin. -->","yoast_head_json":{"title":"Dissemination event \u201cHow tourism can contribute to active ageing?\u201d - Debrecen, Hungary - Vidzemes pl\u0101no\u0161anas re\u0123ions","description":"Representatives of local and regional authorities, academic institutions, tourism organisations and enterprises were present to share their ideas on senior tourism on the 8th June&hellip;","robots":{"index":"index","follow":"follow","max-snippet":"max-snippet:-1","max-image-preview":"max-image-preview:large","max-video-preview":"max-video-preview:-1"},"canonical":"https:\/\/www.vidzeme.lv\/en\/dissemination-event-how-tourism-can-contribute-to-active-ageing-debrecen-hungary\/","og_locale":"en_US","og_type":"article","og_title":"Dissemination event \u201cHow tourism can contribute to active ageing?\u201d - Debrecen, Hungary - Vidzemes pl\u0101no\u0161anas re\u0123ions","og_description":"Representatives of local and regional authorities, academic institutions, tourism organisations and enterprises were present to share their ideas on senior tourism on the 8th June&hellip;","og_url":"https:\/\/www.vidzeme.lv\/en\/dissemination-event-how-tourism-can-contribute-to-active-ageing-debrecen-hungary\/","og_site_name":"Vidzemes pl\u0101no\u0161anas re\u0123ions","article_published_time":"2012-06-28T08:00:00+00:00","article_modified_time":"2024-05-20T09:24:04+00:00","og_image":[{"width":1000,"height":281,"url":"https:\/\/www.vidzeme.lv\/wp-content\/uploads\/2024\/05\/VPR_logo_horizontali_LV_krasains-e1722289993578.png","type":"image\/png"}],"author":"vidzeme","twitter_card":"summary_large_image","twitter_misc":{"Written by":"vidzeme","Est. reading time":"2 minutes"},"schema":{"@context":"https:\/\/schema.org","@graph":[{"@type":"Article","@id":"https:\/\/www.vidzeme.lv\/en\/dissemination-event-how-tourism-can-contribute-to-active-ageing-debrecen-hungary\/#article","isPartOf":{"@id":"https:\/\/www.vidzeme.lv\/en\/dissemination-event-how-tourism-can-contribute-to-active-ageing-debrecen-hungary\/"},"author":{"name":"vidzeme","@id":"https:\/\/www.vidzeme.lv\/en\/#\/schema\/person\/c6bb9637999e81cf06ff2fa444803bf4"},"headline":"Dissemination event \u201cHow tourism can contribute to active ageing?\u201d &#8211; Debrecen, Hungary","datePublished":"2012-06-28T08:00:00+00:00","dateModified":"2024-05-20T09:24:04+00:00","mainEntityOfPage":{"@id":"https:\/\/www.vidzeme.lv\/en\/dissemination-event-how-tourism-can-contribute-to-active-ageing-debrecen-hungary\/"},"wordCount":286,"commentCount":0,"publisher":{"@id":"https:\/\/www.vidzeme.lv\/en\/#organization"},"image":{"@id":"https:\/\/www.vidzeme.lv\/en\/dissemination-event-how-tourism-can-contribute-to-active-ageing-debrecen-hungary\/#primaryimage"},"thumbnailUrl":"https:\/\/www.vidzeme.lv\/wp-content\/uploads\/2024\/05\/VPR_logo_horizontali_LV_krasains-e1722289993578.png","inLanguage":"en-US","potentialAction":[{"@type":"CommentAction","name":"Comment","target":["https:\/\/www.vidzeme.lv\/en\/dissemination-event-how-tourism-can-contribute-to-active-ageing-debrecen-hungary\/#respond"]}]},{"@type":"WebPage","@id":"https:\/\/www.vidzeme.lv\/en\/dissemination-event-how-tourism-can-contribute-to-active-ageing-debrecen-hungary\/","url":"https:\/\/www.vidzeme.lv\/en\/dissemination-event-how-tourism-can-contribute-to-active-ageing-debrecen-hungary\/","name":"Dissemination event \u201cHow tourism can contribute to active ageing?\u201d - Debrecen, Hungary - Vidzemes pl\u0101no\u0161anas re\u0123ions","isPartOf":{"@id":"https:\/\/www.vidzeme.lv\/en\/#website"},"primaryImageOfPage":{"@id":"https:\/\/www.vidzeme.lv\/en\/dissemination-event-how-tourism-can-contribute-to-active-ageing-debrecen-hungary\/#primaryimage"},"image":{"@id":"https:\/\/www.vidzeme.lv\/en\/dissemination-event-how-tourism-can-contribute-to-active-ageing-debrecen-hungary\/#primaryimage"},"thumbnailUrl":"https:\/\/www.vidzeme.lv\/wp-content\/uploads\/2024\/05\/VPR_logo_horizontali_LV_krasains-e1722289993578.png","datePublished":"2012-06-28T08:00:00+00:00","dateModified":"2024-05-20T09:24:04+00:00","description":"Representatives of local and regional authorities, academic institutions, tourism organisations and enterprises were present to share their ideas on senior tourism on the 8th June&hellip;","breadcrumb":{"@id":"https:\/\/www.vidzeme.lv\/en\/dissemination-event-how-tourism-can-contribute-to-active-ageing-debrecen-hungary\/#breadcrumb"},"inLanguage":"en-US","potentialAction":[{"@type":"ReadAction","target":["https:\/\/www.vidzeme.lv\/en\/dissemination-event-how-tourism-can-contribute-to-active-ageing-debrecen-hungary\/"]}]},{"@type":"ImageObject","inLanguage":"en-US","@id":"https:\/\/www.vidzeme.lv\/en\/dissemination-event-how-tourism-can-contribute-to-active-ageing-debrecen-hungary\/#primaryimage","url":"https:\/\/www.vidzeme.lv\/wp-content\/uploads\/2024\/05\/VPR_logo_horizontali_LV_krasains-e1722289993578.png","contentUrl":"https:\/\/www.vidzeme.lv\/wp-content\/uploads\/2024\/05\/VPR_logo_horizontali_LV_krasains-e1722289993578.png","width":1000,"height":281},{"@type":"BreadcrumbList","@id":"https:\/\/www.vidzeme.lv\/en\/dissemination-event-how-tourism-can-contribute-to-active-ageing-debrecen-hungary\/#breadcrumb","itemListElement":[{"@type":"ListItem","position":1,"name":"Home","item":"https:\/\/www.vidzeme.lv\/en\/"},{"@type":"ListItem","position":2,"name":"Dissemination event \u201cHow tourism can contribute to active ageing?\u201d &#8211; Debrecen, Hungary"}]},{"@type":"WebSite","@id":"https:\/\/www.vidzeme.lv\/en\/#website","url":"https:\/\/www.vidzeme.lv\/en\/","name":"Vidzeme","description":"Vidzemes pl\u0101no\u0161anas re\u0123ions","publisher":{"@id":"https:\/\/www.vidzeme.lv\/en\/#organization"},"potentialAction":[{"@type":"SearchAction","target":{"@type":"EntryPoint","urlTemplate":"https:\/\/www.vidzeme.lv\/en\/?s={search_term_string}"},"query-input":{"@type":"PropertyValueSpecification","valueRequired":true,"valueName":"search_term_string"}}],"inLanguage":"en-US"},{"@type":"Organization","@id":"https:\/\/www.vidzeme.lv\/en\/#organization","name":"Vidzemes pl\u0101no\u0161anas re\u0123ions","url":"https:\/\/www.vidzeme.lv\/en\/","logo":{"@type":"ImageObject","inLanguage":"en-US","@id":"https:\/\/www.vidzeme.lv\/en\/#\/schema\/logo\/image\/","url":"https:\/\/www.vidzeme.lv\/wp-content\/uploads\/2023\/05\/logo.png","contentUrl":"https:\/\/www.vidzeme.lv\/wp-content\/uploads\/2023\/05\/logo.png","width":291,"height":186,"caption":"Vidzemes pl\u0101no\u0161anas re\u0123ions"},"image":{"@id":"https:\/\/www.vidzeme.lv\/en\/#\/schema\/logo\/image\/"}},{"@type":"Person","@id":"https:\/\/www.vidzeme.lv\/en\/#\/schema\/person\/c6bb9637999e81cf06ff2fa444803bf4","name":"vidzeme","image":{"@type":"ImageObject","inLanguage":"en-US","@id":"https:\/\/www.vidzeme.lv\/en\/#\/schema\/person\/image\/","url":"https:\/\/secure.gravatar.com\/avatar\/8ea6bbdf104c0883a0927c7916d220b6?s=96&d=mm&r=g","contentUrl":"https:\/\/secure.gravatar.com\/avatar\/8ea6bbdf104c0883a0927c7916d220b6?s=96&d=mm&r=g","caption":"vidzeme"}}]}},"_links":{"self":[{"href":"https:\/\/www.vidzeme.lv\/en\/wp-json\/wp\/v2\/posts\/33380","targetHints":{"allow":["GET"]}}],"collection":[{"href":"https:\/\/www.vidzeme.lv\/en\/wp-json\/wp\/v2\/posts"}],"about":[{"href":"https:\/\/www.vidzeme.lv\/en\/wp-json\/wp\/v2\/types\/post"}],"author":[{"embeddable":true,"href":"https:\/\/www.vidzeme.lv\/en\/wp-json\/wp\/v2\/users\/4"}],"replies":[{"embeddable":true,"href":"https:\/\/www.vidzeme.lv\/en\/wp-json\/wp\/v2\/comments?post=33380"}],"version-history":[{"count":5,"href":"https:\/\/www.vidzeme.lv\/en\/wp-json\/wp\/v2\/posts\/33380\/revisions"}],"predecessor-version":[{"id":53377,"href":"https:\/\/www.vidzeme.lv\/en\/wp-json\/wp\/v2\/posts\/33380\/revisions\/53377"}],"wp:featuredmedia":[{"embeddable":true,"href":"https:\/\/www.vidzeme.lv\/en\/wp-json\/wp\/v2\/media\/32107"}],"wp:attachment":[{"href":"https:\/\/www.vidzeme.lv\/en\/wp-json\/wp\/v2\/media?parent=33380"}],"wp:term":[{"taxonomy":"category","embeddable":true,"href":"https:\/\/www.vidzeme.lv\/en\/wp-json\/wp\/v2\/categories?post=33380"},{"taxonomy":"post_tag","embeddable":true,"href":"https:\/\/www.vidzeme.lv\/en\/wp-json\/wp\/v2\/tags?post=33380"}],"curies":[{"name":"wp","href":"https:\/\/api.w.org\/{rel}","templated":true}]}}