{"id":68736,"date":"2025-04-01T16:35:32","date_gmt":"2025-04-01T13:35:32","guid":{"rendered":"https:\/\/www.vidzeme.lv\/?p=68736"},"modified":"2025-04-01T16:40:36","modified_gmt":"2025-04-01T13:40:36","slug":"vpr-gets-involved-in-an-international-environmental-project-2","status":"publish","type":"post","link":"https:\/\/www.vidzeme.lv\/en\/vpr-gets-involved-in-an-international-environmental-project-2\/","title":{"rendered":"VPR gets involved in an international environmental project"},"content":{"rendered":"<p data-start=\"256\" data-end=\"940\">Between the 26th and 29th March 2025, the \u2018EchoGreen \u2013 Reshaping Our Environment\u2019 project led by Si\u0121\u0121iewi Local Council was launched with the participation of 14 other Local Councils and NGOs from across Europe. Among the participants was also the Vidzeme Planning Region, which contributed to the event by presenting sustainable development initiatives implemented in the region \u2013 including improvements in public transport, promotion of circular economy solutions and community involvement in decision-making. Particular attention was also given to the importance of cross-border cooperation in achieving climate goals and introducing innovations in smaller and more remote regions.<\/p>\n<p data-start=\"942\" data-end=\"1386\">This project, funded by the European Union under the \u201cCERV \u2013 Citizenship, Equality, Rights and Values\u201d programme, aims to enable participants to share good practices that are already being implemented in towns across Europe related to sustainability and environmental projects in both urban and rural areas. During this initiative, awareness has been raised about energy use, recycling as well as giving space to a sustainable circular economy.<\/p>\n<p data-start=\"1388\" data-end=\"1773\">Participants shared the challenges that their communities face, particularly those in the fields of sustainable infrastructure and renewable energy. During these days, Honourable Eve Borg Bonello, spokesperson on behalf of the opposition to climate change, as well as the CEO of the Climate Action Authority, Engineer Abigail Cutajar, shared a number of thoughts with the participants.<\/p>\n<p data-start=\"1775\" data-end=\"2162\">The Mayor of Si\u0121\u0121iewi Julian Borg stressed that projects such as these not only help us learn from other local councils and municipalities but also serve to bring European communities closer together. He continued by encouraging more Local Councils in Malta to engage in these projects because in this way we will be able to improve our localities and the everyday life of our residents.<\/p>\n<p data-start=\"2164\" data-end=\"2355\">During this project, the participants made an official visit to Her Excellency the President of Malta Myriam Spiteri Debono as well as to an educational visit at a primary school in Si\u0121\u0121iewi.<\/p>\n<p data-start=\"2357\" data-end=\"2896\">This project was concluded with the signing of a cooperation agreement between the cities in the Si\u0121\u0121iewi Local Council Hall and a musical concert at the Church of St. Nicholas with the participation of three Si\u0121\u0121iewi musicians, Tenor Joseph Aquilina, Mezzo Soprano Nicole Vassallo and organist Mark Vassallo. The agreement provides a framework for continued experience exchange among local authorities, strengthened cooperation on environmental and climate matters, and the development of joint initiatives in the field of sustainability.<\/p>\n<p data-start=\"2898\" data-end=\"3057\">The second part of the \u2018EchoGreen\u2019 project will continue next September in Hungary, with the Si\u0121\u0121iewi Local Council remaining the moderator in the discussions.<\/p>\n","protected":false},"excerpt":{"rendered":"<p>Between the 26th and 29th March 2025, the \u2018EchoGreen \u2013 Reshaping Our Environment\u2019 project led by Si\u0121\u0121iewi Local Council was launched with the participation of 14 other Local Councils and NGOs from across Europe. Among the participants was also the Vidzeme Planning Region, which contributed to the event by presenting sustainable development initiatives implemented in the region \u2013 including improvements in public transport, promotion of circular economy solutions and community involvement in decision-making. Particular attention was also given to the importance of cross-border cooperation in achieving climate goals and introducing innovations in smaller and more remote regions.<\/p>\n","protected":false},"author":5,"featured_media":68718,"comment_status":"open","ping_status":"open","sticky":false,"template":"","format":"standard","meta":{"_acf_changed":false,"footnotes":""},"categories":[209],"tags":[],"class_list":["post-68736","post","type-post","status-publish","format-standard","has-post-thumbnail","hentry","category-environment"],"acf":[],"yoast_head":"<!-- This site is optimized with the Yoast SEO plugin v25.6 - https:\/\/yoast.com\/wordpress\/plugins\/seo\/ -->\n<title>VPR gets involved in an international environmental project - Vidzemes pl\u0101no\u0161anas re\u0123ions<\/title>\n<meta name=\"description\" content=\"Between the 26th and 29th March 2025, the \u2018EchoGreen \u2013 Reshaping Our Environment\u2019 project led by Si\u0121\u0121iewi Local Council was launched with the participation of&hellip;\" \/>\n<meta name=\"robots\" content=\"index, follow, max-snippet:-1, max-image-preview:large, max-video-preview:-1\" \/>\n<link rel=\"canonical\" href=\"https:\/\/www.vidzeme.lv\/en\/vpr-gets-involved-in-an-international-environmental-project-2\/\" \/>\n<meta property=\"og:locale\" content=\"en_US\" \/>\n<meta property=\"og:type\" content=\"article\" \/>\n<meta property=\"og:title\" content=\"VPR gets involved in an international environmental project - Vidzemes pl\u0101no\u0161anas re\u0123ions\" \/>\n<meta property=\"og:description\" content=\"Between the 26th and 29th March 2025, the \u2018EchoGreen \u2013 Reshaping Our Environment\u2019 project led by Si\u0121\u0121iewi Local Council was launched with the participation of&hellip;\" \/>\n<meta property=\"og:url\" content=\"https:\/\/www.vidzeme.lv\/en\/vpr-gets-involved-in-an-international-environmental-project-2\/\" \/>\n<meta property=\"og:site_name\" content=\"Vidzemes pl\u0101no\u0161anas re\u0123ions\" \/>\n<meta property=\"article:published_time\" content=\"2025-04-01T13:35:32+00:00\" \/>\n<meta property=\"article:modified_time\" content=\"2025-04-01T13:40:36+00:00\" \/>\n<meta property=\"og:image\" content=\"https:\/\/www.vidzeme.lv\/wp-content\/uploads\/2025\/04\/IMG_9495.jpeg\" \/>\n\t<meta property=\"og:image:width\" content=\"1179\" \/>\n\t<meta property=\"og:image:height\" content=\"776\" \/>\n\t<meta property=\"og:image:type\" content=\"image\/jpeg\" \/>\n<meta name=\"author\" content=\"Anita \u0100boli\u0146a\" \/>\n<meta name=\"twitter:card\" content=\"summary_large_image\" \/>\n<meta name=\"twitter:label1\" content=\"Written by\" \/>\n\t<meta name=\"twitter:data1\" content=\"Anita \u0100boli\u0146a\" \/>\n\t<meta name=\"twitter:label2\" content=\"Est. reading time\" \/>\n\t<meta name=\"twitter:data2\" content=\"2 minutes\" \/>\n<script type=\"application\/ld+json\" class=\"yoast-schema-graph\">{\"@context\":\"https:\/\/schema.org\",\"@graph\":[{\"@type\":\"Article\",\"@id\":\"https:\/\/www.vidzeme.lv\/en\/vpr-gets-involved-in-an-international-environmental-project-2\/#article\",\"isPartOf\":{\"@id\":\"https:\/\/www.vidzeme.lv\/en\/vpr-gets-involved-in-an-international-environmental-project-2\/\"},\"author\":{\"name\":\"Anita \u0100boli\u0146a\",\"@id\":\"https:\/\/www.vidzeme.lv\/en\/#\/schema\/person\/965d4e3fa6237832c3bb24322eadc00e\"},\"headline\":\"VPR gets involved in an international environmental project\",\"datePublished\":\"2025-04-01T13:35:32+00:00\",\"dateModified\":\"2025-04-01T13:40:36+00:00\",\"mainEntityOfPage\":{\"@id\":\"https:\/\/www.vidzeme.lv\/en\/vpr-gets-involved-in-an-international-environmental-project-2\/\"},\"wordCount\":428,\"commentCount\":0,\"publisher\":{\"@id\":\"https:\/\/www.vidzeme.lv\/en\/#organization\"},\"image\":{\"@id\":\"https:\/\/www.vidzeme.lv\/en\/vpr-gets-involved-in-an-international-environmental-project-2\/#primaryimage\"},\"thumbnailUrl\":\"https:\/\/www.vidzeme.lv\/wp-content\/uploads\/2025\/04\/IMG_9495.jpeg\",\"articleSection\":[\"Environment\"],\"inLanguage\":\"en-US\",\"potentialAction\":[{\"@type\":\"CommentAction\",\"name\":\"Comment\",\"target\":[\"https:\/\/www.vidzeme.lv\/en\/vpr-gets-involved-in-an-international-environmental-project-2\/#respond\"]}]},{\"@type\":\"WebPage\",\"@id\":\"https:\/\/www.vidzeme.lv\/en\/vpr-gets-involved-in-an-international-environmental-project-2\/\",\"url\":\"https:\/\/www.vidzeme.lv\/en\/vpr-gets-involved-in-an-international-environmental-project-2\/\",\"name\":\"VPR gets involved in an international environmental project - Vidzemes pl\u0101no\u0161anas re\u0123ions\",\"isPartOf\":{\"@id\":\"https:\/\/www.vidzeme.lv\/en\/#website\"},\"primaryImageOfPage\":{\"@id\":\"https:\/\/www.vidzeme.lv\/en\/vpr-gets-involved-in-an-international-environmental-project-2\/#primaryimage\"},\"image\":{\"@id\":\"https:\/\/www.vidzeme.lv\/en\/vpr-gets-involved-in-an-international-environmental-project-2\/#primaryimage\"},\"thumbnailUrl\":\"https:\/\/www.vidzeme.lv\/wp-content\/uploads\/2025\/04\/IMG_9495.jpeg\",\"datePublished\":\"2025-04-01T13:35:32+00:00\",\"dateModified\":\"2025-04-01T13:40:36+00:00\",\"description\":\"Between the 26th and 29th March 2025, the \u2018EchoGreen \u2013 Reshaping Our Environment\u2019 project led by Si\u0121\u0121iewi Local Council was launched with the participation of&hellip;\",\"breadcrumb\":{\"@id\":\"https:\/\/www.vidzeme.lv\/en\/vpr-gets-involved-in-an-international-environmental-project-2\/#breadcrumb\"},\"inLanguage\":\"en-US\",\"potentialAction\":[{\"@type\":\"ReadAction\",\"target\":[\"https:\/\/www.vidzeme.lv\/en\/vpr-gets-involved-in-an-international-environmental-project-2\/\"]}]},{\"@type\":\"ImageObject\",\"inLanguage\":\"en-US\",\"@id\":\"https:\/\/www.vidzeme.lv\/en\/vpr-gets-involved-in-an-international-environmental-project-2\/#primaryimage\",\"url\":\"https:\/\/www.vidzeme.lv\/wp-content\/uploads\/2025\/04\/IMG_9495.jpeg\",\"contentUrl\":\"https:\/\/www.vidzeme.lv\/wp-content\/uploads\/2025\/04\/IMG_9495.jpeg\",\"width\":1179,\"height\":776,\"caption\":\"vpr gets involved in an international environmental project\"},{\"@type\":\"BreadcrumbList\",\"@id\":\"https:\/\/www.vidzeme.lv\/en\/vpr-gets-involved-in-an-international-environmental-project-2\/#breadcrumb\",\"itemListElement\":[{\"@type\":\"ListItem\",\"position\":1,\"name\":\"Home\",\"item\":\"https:\/\/www.vidzeme.lv\/en\/\"},{\"@type\":\"ListItem\",\"position\":2,\"name\":\"VPR gets involved in an international environmental project\"}]},{\"@type\":\"WebSite\",\"@id\":\"https:\/\/www.vidzeme.lv\/en\/#website\",\"url\":\"https:\/\/www.vidzeme.lv\/en\/\",\"name\":\"Vidzeme\",\"description\":\"Vidzemes pl\u0101no\u0161anas re\u0123ions\",\"publisher\":{\"@id\":\"https:\/\/www.vidzeme.lv\/en\/#organization\"},\"potentialAction\":[{\"@type\":\"SearchAction\",\"target\":{\"@type\":\"EntryPoint\",\"urlTemplate\":\"https:\/\/www.vidzeme.lv\/en\/?s={search_term_string}\"},\"query-input\":{\"@type\":\"PropertyValueSpecification\",\"valueRequired\":true,\"valueName\":\"search_term_string\"}}],\"inLanguage\":\"en-US\"},{\"@type\":\"Organization\",\"@id\":\"https:\/\/www.vidzeme.lv\/en\/#organization\",\"name\":\"Vidzemes pl\u0101no\u0161anas re\u0123ions\",\"url\":\"https:\/\/www.vidzeme.lv\/en\/\",\"logo\":{\"@type\":\"ImageObject\",\"inLanguage\":\"en-US\",\"@id\":\"https:\/\/www.vidzeme.lv\/en\/#\/schema\/logo\/image\/\",\"url\":\"https:\/\/www.vidzeme.lv\/wp-content\/uploads\/2023\/05\/logo.png\",\"contentUrl\":\"https:\/\/www.vidzeme.lv\/wp-content\/uploads\/2023\/05\/logo.png\",\"width\":291,\"height\":186,\"caption\":\"Vidzemes pl\u0101no\u0161anas re\u0123ions\"},\"image\":{\"@id\":\"https:\/\/www.vidzeme.lv\/en\/#\/schema\/logo\/image\/\"}},{\"@type\":\"Person\",\"@id\":\"https:\/\/www.vidzeme.lv\/en\/#\/schema\/person\/965d4e3fa6237832c3bb24322eadc00e\",\"name\":\"Anita \u0100boli\u0146a\",\"image\":{\"@type\":\"ImageObject\",\"inLanguage\":\"en-US\",\"@id\":\"https:\/\/www.vidzeme.lv\/en\/#\/schema\/person\/image\/\",\"url\":\"https:\/\/secure.gravatar.com\/avatar\/65244aa29adcc52952638c399a099832?s=96&d=mm&r=g\",\"contentUrl\":\"https:\/\/secure.gravatar.com\/avatar\/65244aa29adcc52952638c399a099832?s=96&d=mm&r=g\",\"caption\":\"Anita \u0100boli\u0146a\"}}]}<\/script>\n<!-- \/ Yoast SEO plugin. -->","yoast_head_json":{"title":"VPR gets involved in an international environmental project - Vidzemes pl\u0101no\u0161anas re\u0123ions","description":"Between the 26th and 29th March 2025, the \u2018EchoGreen \u2013 Reshaping Our Environment\u2019 project led by Si\u0121\u0121iewi Local Council was launched with the participation of&hellip;","robots":{"index":"index","follow":"follow","max-snippet":"max-snippet:-1","max-image-preview":"max-image-preview:large","max-video-preview":"max-video-preview:-1"},"canonical":"https:\/\/www.vidzeme.lv\/en\/vpr-gets-involved-in-an-international-environmental-project-2\/","og_locale":"en_US","og_type":"article","og_title":"VPR gets involved in an international environmental project - Vidzemes pl\u0101no\u0161anas re\u0123ions","og_description":"Between the 26th and 29th March 2025, the \u2018EchoGreen \u2013 Reshaping Our Environment\u2019 project led by Si\u0121\u0121iewi Local Council was launched with the participation of&hellip;","og_url":"https:\/\/www.vidzeme.lv\/en\/vpr-gets-involved-in-an-international-environmental-project-2\/","og_site_name":"Vidzemes pl\u0101no\u0161anas re\u0123ions","article_published_time":"2025-04-01T13:35:32+00:00","article_modified_time":"2025-04-01T13:40:36+00:00","og_image":[{"width":1179,"height":776,"url":"https:\/\/www.vidzeme.lv\/wp-content\/uploads\/2025\/04\/IMG_9495.jpeg","type":"image\/jpeg"}],"author":"Anita \u0100boli\u0146a","twitter_card":"summary_large_image","twitter_misc":{"Written by":"Anita \u0100boli\u0146a","Est. reading time":"2 minutes"},"schema":{"@context":"https:\/\/schema.org","@graph":[{"@type":"Article","@id":"https:\/\/www.vidzeme.lv\/en\/vpr-gets-involved-in-an-international-environmental-project-2\/#article","isPartOf":{"@id":"https:\/\/www.vidzeme.lv\/en\/vpr-gets-involved-in-an-international-environmental-project-2\/"},"author":{"name":"Anita \u0100boli\u0146a","@id":"https:\/\/www.vidzeme.lv\/en\/#\/schema\/person\/965d4e3fa6237832c3bb24322eadc00e"},"headline":"VPR gets involved in an international environmental project","datePublished":"2025-04-01T13:35:32+00:00","dateModified":"2025-04-01T13:40:36+00:00","mainEntityOfPage":{"@id":"https:\/\/www.vidzeme.lv\/en\/vpr-gets-involved-in-an-international-environmental-project-2\/"},"wordCount":428,"commentCount":0,"publisher":{"@id":"https:\/\/www.vidzeme.lv\/en\/#organization"},"image":{"@id":"https:\/\/www.vidzeme.lv\/en\/vpr-gets-involved-in-an-international-environmental-project-2\/#primaryimage"},"thumbnailUrl":"https:\/\/www.vidzeme.lv\/wp-content\/uploads\/2025\/04\/IMG_9495.jpeg","articleSection":["Environment"],"inLanguage":"en-US","potentialAction":[{"@type":"CommentAction","name":"Comment","target":["https:\/\/www.vidzeme.lv\/en\/vpr-gets-involved-in-an-international-environmental-project-2\/#respond"]}]},{"@type":"WebPage","@id":"https:\/\/www.vidzeme.lv\/en\/vpr-gets-involved-in-an-international-environmental-project-2\/","url":"https:\/\/www.vidzeme.lv\/en\/vpr-gets-involved-in-an-international-environmental-project-2\/","name":"VPR gets involved in an international environmental project - Vidzemes pl\u0101no\u0161anas re\u0123ions","isPartOf":{"@id":"https:\/\/www.vidzeme.lv\/en\/#website"},"primaryImageOfPage":{"@id":"https:\/\/www.vidzeme.lv\/en\/vpr-gets-involved-in-an-international-environmental-project-2\/#primaryimage"},"image":{"@id":"https:\/\/www.vidzeme.lv\/en\/vpr-gets-involved-in-an-international-environmental-project-2\/#primaryimage"},"thumbnailUrl":"https:\/\/www.vidzeme.lv\/wp-content\/uploads\/2025\/04\/IMG_9495.jpeg","datePublished":"2025-04-01T13:35:32+00:00","dateModified":"2025-04-01T13:40:36+00:00","description":"Between the 26th and 29th March 2025, the \u2018EchoGreen \u2013 Reshaping Our Environment\u2019 project led by Si\u0121\u0121iewi Local Council was launched with the participation of&hellip;","breadcrumb":{"@id":"https:\/\/www.vidzeme.lv\/en\/vpr-gets-involved-in-an-international-environmental-project-2\/#breadcrumb"},"inLanguage":"en-US","potentialAction":[{"@type":"ReadAction","target":["https:\/\/www.vidzeme.lv\/en\/vpr-gets-involved-in-an-international-environmental-project-2\/"]}]},{"@type":"ImageObject","inLanguage":"en-US","@id":"https:\/\/www.vidzeme.lv\/en\/vpr-gets-involved-in-an-international-environmental-project-2\/#primaryimage","url":"https:\/\/www.vidzeme.lv\/wp-content\/uploads\/2025\/04\/IMG_9495.jpeg","contentUrl":"https:\/\/www.vidzeme.lv\/wp-content\/uploads\/2025\/04\/IMG_9495.jpeg","width":1179,"height":776,"caption":"vpr gets involved in an international environmental project"},{"@type":"BreadcrumbList","@id":"https:\/\/www.vidzeme.lv\/en\/vpr-gets-involved-in-an-international-environmental-project-2\/#breadcrumb","itemListElement":[{"@type":"ListItem","position":1,"name":"Home","item":"https:\/\/www.vidzeme.lv\/en\/"},{"@type":"ListItem","position":2,"name":"VPR gets involved in an international environmental project"}]},{"@type":"WebSite","@id":"https:\/\/www.vidzeme.lv\/en\/#website","url":"https:\/\/www.vidzeme.lv\/en\/","name":"Vidzeme","description":"Vidzemes pl\u0101no\u0161anas re\u0123ions","publisher":{"@id":"https:\/\/www.vidzeme.lv\/en\/#organization"},"potentialAction":[{"@type":"SearchAction","target":{"@type":"EntryPoint","urlTemplate":"https:\/\/www.vidzeme.lv\/en\/?s={search_term_string}"},"query-input":{"@type":"PropertyValueSpecification","valueRequired":true,"valueName":"search_term_string"}}],"inLanguage":"en-US"},{"@type":"Organization","@id":"https:\/\/www.vidzeme.lv\/en\/#organization","name":"Vidzemes pl\u0101no\u0161anas re\u0123ions","url":"https:\/\/www.vidzeme.lv\/en\/","logo":{"@type":"ImageObject","inLanguage":"en-US","@id":"https:\/\/www.vidzeme.lv\/en\/#\/schema\/logo\/image\/","url":"https:\/\/www.vidzeme.lv\/wp-content\/uploads\/2023\/05\/logo.png","contentUrl":"https:\/\/www.vidzeme.lv\/wp-content\/uploads\/2023\/05\/logo.png","width":291,"height":186,"caption":"Vidzemes pl\u0101no\u0161anas re\u0123ions"},"image":{"@id":"https:\/\/www.vidzeme.lv\/en\/#\/schema\/logo\/image\/"}},{"@type":"Person","@id":"https:\/\/www.vidzeme.lv\/en\/#\/schema\/person\/965d4e3fa6237832c3bb24322eadc00e","name":"Anita \u0100boli\u0146a","image":{"@type":"ImageObject","inLanguage":"en-US","@id":"https:\/\/www.vidzeme.lv\/en\/#\/schema\/person\/image\/","url":"https:\/\/secure.gravatar.com\/avatar\/65244aa29adcc52952638c399a099832?s=96&d=mm&r=g","contentUrl":"https:\/\/secure.gravatar.com\/avatar\/65244aa29adcc52952638c399a099832?s=96&d=mm&r=g","caption":"Anita \u0100boli\u0146a"}}]}},"_links":{"self":[{"href":"https:\/\/www.vidzeme.lv\/en\/wp-json\/wp\/v2\/posts\/68736","targetHints":{"allow":["GET"]}}],"collection":[{"href":"https:\/\/www.vidzeme.lv\/en\/wp-json\/wp\/v2\/posts"}],"about":[{"href":"https:\/\/www.vidzeme.lv\/en\/wp-json\/wp\/v2\/types\/post"}],"author":[{"embeddable":true,"href":"https:\/\/www.vidzeme.lv\/en\/wp-json\/wp\/v2\/users\/5"}],"replies":[{"embeddable":true,"href":"https:\/\/www.vidzeme.lv\/en\/wp-json\/wp\/v2\/comments?post=68736"}],"version-history":[{"count":1,"href":"https:\/\/www.vidzeme.lv\/en\/wp-json\/wp\/v2\/posts\/68736\/revisions"}],"predecessor-version":[{"id":68737,"href":"https:\/\/www.vidzeme.lv\/en\/wp-json\/wp\/v2\/posts\/68736\/revisions\/68737"}],"wp:featuredmedia":[{"embeddable":true,"href":"https:\/\/www.vidzeme.lv\/en\/wp-json\/wp\/v2\/media\/68718"}],"wp:attachment":[{"href":"https:\/\/www.vidzeme.lv\/en\/wp-json\/wp\/v2\/media?parent=68736"}],"wp:term":[{"taxonomy":"category","embeddable":true,"href":"https:\/\/www.vidzeme.lv\/en\/wp-json\/wp\/v2\/categories?post=68736"},{"taxonomy":"post_tag","embeddable":true,"href":"https:\/\/www.vidzeme.lv\/en\/wp-json\/wp\/v2\/tags?post=68736"}],"curies":[{"name":"wp","href":"https:\/\/api.w.org\/{rel}","templated":true}]}}