{"id":70818,"date":"2025-05-30T15:23:11","date_gmt":"2025-05-30T12:23:11","guid":{"rendered":"https:\/\/www.vidzeme.lv\/?p=70818"},"modified":"2025-06-13T12:03:36","modified_gmt":"2025-06-13T09:03:36","slug":"vidzeme-planning-region-launches-the-improvement-of-regional-policy-in-the-field-of-social-care","status":"publish","type":"post","link":"https:\/\/www.vidzeme.lv\/en\/vidzeme-planning-region-launches-the-improvement-of-regional-policy-in-the-field-of-social-care\/","title":{"rendered":"Vidzeme Planning Region launches the improvement of regional policy in the field of social care"},"content":{"rendered":"<div class=\"wpb-content-wrapper\"><p>[vc_row][vc_column]<div class='vc-content vc-paragraph' id=''><p><\/p>\n<p data-start=\"0\" data-end=\"516\">To gain knowledge and improve the development of regional policy in the field of social care, the Vidzeme Planning Region (VPR) has joined the international project <em data-start=\"165\" data-end=\"258\">\u201cPromoting Technical Standards for Assistive Technologies in European Social Care Services\u201d<\/em> (TechSocialcare). The project aims to enhance policy instruments in partner countries by supporting the development of unified technical standards for the use of assistive technologies and information and communication technologies (ICT) in the care sector.<\/p>\n<p data-start=\"518\" data-end=\"966\" data-is-last-node=\"\" data-is-only-node=\"\">From May 20 to 21, the first interregional event of the project took place in Prague, bringing together project partners from eight European countries. Alongside VPR, representatives from the National Rehabilitation Centre &#8220;Vaivari&#8221; and the deputy director of the care home \u201cValmiera\u201d also participated in the event, representing stakeholders involved in the project \u2013 organizations that provide social care services in the region on a daily basis.<\/p>\n<p><\/p><\/div><div class='vc-content vc-paragraph' id=''><p><\/p>\n<p data-start=\"205\" data-end=\"484\">Lien\u012bte Pried\u0101ja-Klepere, a representative of the Vidzeme Planning Region (VPR), introduced the <em data-start=\"301\" data-end=\"360\">\u201cVidzeme Planning Region Development Programme 2022\u20132027\u201d<\/em>. During her presentation, one of the programme\u2019s priorities was highlighted: improving the quality of life for residents.<\/p>\n<p data-start=\"486\" data-end=\"798\" data-is-last-node=\"\" data-is-only-node=\"\">She also emphasized the region\u2019s previous experience in the field of deinstitutionalisation, particularly through the implementation of the project <em data-start=\"634\" data-end=\"654\">\u201cVidzeme Includes\u201d<\/em>, which, even before this initiative, served as a foundation for building cooperation between the region, municipalities, and service providers.<\/p>\n<p><\/p><\/div><div class='vc-content vc-paragraph' id=''><p><\/p>\n<p data-start=\"0\" data-end=\"291\">The next part of the event program focused on exploring best practices in the Czech Republic. Partners and stakeholders listened to several expert presentations on the use of assistive technologies in social and healthcare, offering insights at both the policy and practical solution levels.<\/p>\n<p data-start=\"293\" data-end=\"633\" data-is-last-node=\"\" data-is-only-node=\"\">One example demonstrated how video games and telerehabilitation tools are being used in social care for individuals with various health conditions. The positive impact of such approaches was emphasized\u2014particularly in boosting motivation for rehabilitation and improving indicators such as balance, cognitive abilities, and self-confidence.<\/p>\n<p><\/p><\/div>[\/vc_column][\/vc_row][vc_row][vc_column]<div class='vc-content vc-paragraph' id=''><p><\/p>\n<p data-start=\"0\" data-end=\"260\">On the second day of the exchange visit, participants visited care and technology centers. They toured the <em data-start=\"107\" data-end=\"119\">Smart Care<\/em> center, where they learned about 24\/7 remote care services, a compensatory assistive equipment rental system, and specialized therapy rooms.<\/p>\n<p data-start=\"262\" data-end=\"693\">At the TELMED assistive technology demonstration room, various technological solutions designed to support seniors in their daily lives were showcased. One such solution included sensors that monitor movement within the home without disrupting the user\u2019s routine. Another was a smart device that reminds users to take their medications, performs health measurements, and provides access to entertainment and communication features.<\/p>\n<p data-start=\"695\" data-end=\"1012\" data-is-last-node=\"\" data-is-only-node=\"\">A particular highlight was a social robot developed as an emotional support tool. The robot can talk, sing, dance, respond to human emotions, and monitor health indicators. Its purpose is not to replace caregivers but to offer a positive emotional experience, reduce loneliness, and help maintain cognitive abilities.<\/p>\n<p><\/p><\/div>[\/vc_column][\/vc_row][vc_row][vc_column]<div class='vc-content vc-paragraph' id=''><p><\/p>\n<p data-start=\"0\" data-end=\"237\">These examples demonstrated that technologies in social care are being used with the aim of strengthening individual independence, improving safety, and ensuring a dignified daily life\u2014while also reducing the burden on the care system.<\/p>\n<p data-start=\"239\" data-end=\"544\">During the exchange, it was repeatedly emphasized that a well-thought-out and sustainable social and healthcare policy cannot be developed without a comprehensive perspective in which all involved parties are equally represented\u2014residents, service recipients, care professionals, and policymakers alike.<\/p>\n<p data-start=\"546\" data-end=\"715\" data-is-last-node=\"\" data-is-only-node=\"\">Only by understanding the needs of each group and fostering close collaboration is it possible to build a care system that meets the needs and values of today\u2019s society.<\/p>\n<p><\/p><\/div>[\/vc_column][\/vc_row][vc_row][vc_column]<div class='vc-content vc-paragraph' id=''><p><\/p>\n<p data-start=\"0\" data-end=\"300\">The next steps in the project will focus on exploring the local context. The aim is to identify the main needs and challenges in the field of social care within the Vidzeme Planning Region, with particular attention to the use of assistive technologies and information and communication technologies.<\/p>\n<p data-start=\"302\" data-end=\"483\" data-is-last-node=\"\" data-is-only-node=\"\">This research will include both policy document analysis and close cooperation with industry professionals and service providers in order to identify specific areas for improvement.<\/p>\n<p><\/p><\/div>[\/vc_column][\/vc_row]<\/p>\n<\/div>","protected":false},"excerpt":{"rendered":"<p>To gain knowledge and enhance the development of regional policies in the field of social care, the Vidzeme Planning Region (VPR) has joined the international project \u201cPromoting Technical Standards for Assistive Technologies in European Social Care Services\u201d (TechSocialcare). The project aims to improve policy instruments in partner countries by promoting the development of unified technical standards for the use of assistive technologies and information and communication technologies in care services.<\/p>\n","protected":false},"author":50,"featured_media":70825,"comment_status":"open","ping_status":"open","sticky":false,"template":"","format":"standard","meta":{"_acf_changed":false,"footnotes":""},"categories":[90],"tags":[],"class_list":["post-70818","post","type-post","status-publish","format-standard","has-post-thumbnail","hentry","category-uncategorized","featured_category-news","featured_category-europe-direct-vidzeme-en"],"acf":[],"yoast_head":"<!-- This site is optimized with the Yoast SEO plugin v25.6 - https:\/\/yoast.com\/wordpress\/plugins\/seo\/ -->\n<title>Vidzeme Planning Region launches the improvement of regional policy in the field of social care - Vidzemes pl\u0101no\u0161anas re\u0123ions<\/title>\n<meta name=\"description\" content=\"To gain knowledge and enhance the development of regional policies in the field of social care, the Vidzeme Planning Region (VPR) has joined the international&hellip;\" \/>\n<meta name=\"robots\" content=\"index, follow, max-snippet:-1, max-image-preview:large, max-video-preview:-1\" \/>\n<link rel=\"canonical\" href=\"https:\/\/www.vidzeme.lv\/en\/vidzeme-planning-region-launches-the-improvement-of-regional-policy-in-the-field-of-social-care\/\" \/>\n<meta property=\"og:locale\" content=\"en_US\" \/>\n<meta property=\"og:type\" content=\"article\" \/>\n<meta property=\"og:title\" content=\"Vidzeme Planning Region launches the improvement of regional policy in the field of social care - Vidzemes pl\u0101no\u0161anas re\u0123ions\" \/>\n<meta property=\"og:description\" content=\"To gain knowledge and enhance the development of regional policies in the field of social care, the Vidzeme Planning Region (VPR) has joined the international&hellip;\" \/>\n<meta property=\"og:url\" content=\"https:\/\/www.vidzeme.lv\/en\/vidzeme-planning-region-launches-the-improvement-of-regional-policy-in-the-field-of-social-care\/\" \/>\n<meta property=\"og:site_name\" content=\"Vidzemes pl\u0101no\u0161anas re\u0123ions\" \/>\n<meta property=\"article:published_time\" content=\"2025-05-30T12:23:11+00:00\" \/>\n<meta property=\"article:modified_time\" content=\"2025-06-13T09:03:36+00:00\" \/>\n<meta property=\"og:image\" content=\"https:\/\/www.vidzeme.lv\/wp-content\/uploads\/2025\/05\/IMG_6269-1-scaled.jpeg\" \/>\n\t<meta property=\"og:image:width\" content=\"2560\" \/>\n\t<meta property=\"og:image:height\" content=\"1920\" \/>\n\t<meta property=\"og:image:type\" content=\"image\/jpeg\" \/>\n<meta name=\"author\" content=\"Alise Seile\" \/>\n<meta name=\"twitter:card\" content=\"summary_large_image\" \/>\n<meta name=\"twitter:label1\" content=\"Written by\" \/>\n\t<meta name=\"twitter:data1\" content=\"Alise Seile\" \/>\n\t<meta name=\"twitter:label2\" content=\"Est. reading time\" \/>\n\t<meta name=\"twitter:data2\" content=\"4 minutes\" \/>\n<script type=\"application\/ld+json\" class=\"yoast-schema-graph\">{\"@context\":\"https:\/\/schema.org\",\"@graph\":[{\"@type\":\"Article\",\"@id\":\"https:\/\/www.vidzeme.lv\/en\/vidzeme-planning-region-launches-the-improvement-of-regional-policy-in-the-field-of-social-care\/#article\",\"isPartOf\":{\"@id\":\"https:\/\/www.vidzeme.lv\/en\/vidzeme-planning-region-launches-the-improvement-of-regional-policy-in-the-field-of-social-care\/\"},\"author\":{\"name\":\"Alise Seile\",\"@id\":\"https:\/\/www.vidzeme.lv\/en\/#\/schema\/person\/55685685c3b8d3243857ac3867b78b34\"},\"headline\":\"Vidzeme Planning Region launches the improvement of regional policy in the field of social care\",\"datePublished\":\"2025-05-30T12:23:11+00:00\",\"dateModified\":\"2025-06-13T09:03:36+00:00\",\"mainEntityOfPage\":{\"@id\":\"https:\/\/www.vidzeme.lv\/en\/vidzeme-planning-region-launches-the-improvement-of-regional-policy-in-the-field-of-social-care\/\"},\"wordCount\":720,\"commentCount\":0,\"publisher\":{\"@id\":\"https:\/\/www.vidzeme.lv\/en\/#organization\"},\"image\":{\"@id\":\"https:\/\/www.vidzeme.lv\/en\/vidzeme-planning-region-launches-the-improvement-of-regional-policy-in-the-field-of-social-care\/#primaryimage\"},\"thumbnailUrl\":\"https:\/\/www.vidzeme.lv\/wp-content\/uploads\/2025\/05\/IMG_6269-1-scaled.jpeg\",\"inLanguage\":\"en-US\",\"potentialAction\":[{\"@type\":\"CommentAction\",\"name\":\"Comment\",\"target\":[\"https:\/\/www.vidzeme.lv\/en\/vidzeme-planning-region-launches-the-improvement-of-regional-policy-in-the-field-of-social-care\/#respond\"]}]},{\"@type\":\"WebPage\",\"@id\":\"https:\/\/www.vidzeme.lv\/en\/vidzeme-planning-region-launches-the-improvement-of-regional-policy-in-the-field-of-social-care\/\",\"url\":\"https:\/\/www.vidzeme.lv\/en\/vidzeme-planning-region-launches-the-improvement-of-regional-policy-in-the-field-of-social-care\/\",\"name\":\"Vidzeme Planning Region launches the improvement of regional policy in the field of social care - Vidzemes pl\u0101no\u0161anas re\u0123ions\",\"isPartOf\":{\"@id\":\"https:\/\/www.vidzeme.lv\/en\/#website\"},\"primaryImageOfPage\":{\"@id\":\"https:\/\/www.vidzeme.lv\/en\/vidzeme-planning-region-launches-the-improvement-of-regional-policy-in-the-field-of-social-care\/#primaryimage\"},\"image\":{\"@id\":\"https:\/\/www.vidzeme.lv\/en\/vidzeme-planning-region-launches-the-improvement-of-regional-policy-in-the-field-of-social-care\/#primaryimage\"},\"thumbnailUrl\":\"https:\/\/www.vidzeme.lv\/wp-content\/uploads\/2025\/05\/IMG_6269-1-scaled.jpeg\",\"datePublished\":\"2025-05-30T12:23:11+00:00\",\"dateModified\":\"2025-06-13T09:03:36+00:00\",\"description\":\"To gain knowledge and enhance the development of regional policies in the field of social care, the Vidzeme Planning Region (VPR) has joined the international&hellip;\",\"breadcrumb\":{\"@id\":\"https:\/\/www.vidzeme.lv\/en\/vidzeme-planning-region-launches-the-improvement-of-regional-policy-in-the-field-of-social-care\/#breadcrumb\"},\"inLanguage\":\"en-US\",\"potentialAction\":[{\"@type\":\"ReadAction\",\"target\":[\"https:\/\/www.vidzeme.lv\/en\/vidzeme-planning-region-launches-the-improvement-of-regional-policy-in-the-field-of-social-care\/\"]}]},{\"@type\":\"ImageObject\",\"inLanguage\":\"en-US\",\"@id\":\"https:\/\/www.vidzeme.lv\/en\/vidzeme-planning-region-launches-the-improvement-of-regional-policy-in-the-field-of-social-care\/#primaryimage\",\"url\":\"https:\/\/www.vidzeme.lv\/wp-content\/uploads\/2025\/05\/IMG_6269-1-scaled.jpeg\",\"contentUrl\":\"https:\/\/www.vidzeme.lv\/wp-content\/uploads\/2025\/05\/IMG_6269-1-scaled.jpeg\",\"width\":2560,\"height\":1920,\"caption\":\"vidzeme planning region launches the improvement of regional policy in the field of social care\"},{\"@type\":\"BreadcrumbList\",\"@id\":\"https:\/\/www.vidzeme.lv\/en\/vidzeme-planning-region-launches-the-improvement-of-regional-policy-in-the-field-of-social-care\/#breadcrumb\",\"itemListElement\":[{\"@type\":\"ListItem\",\"position\":1,\"name\":\"Home\",\"item\":\"https:\/\/www.vidzeme.lv\/en\/\"},{\"@type\":\"ListItem\",\"position\":2,\"name\":\"Vidzeme Planning Region launches the improvement of regional policy in the field of social care\"}]},{\"@type\":\"WebSite\",\"@id\":\"https:\/\/www.vidzeme.lv\/en\/#website\",\"url\":\"https:\/\/www.vidzeme.lv\/en\/\",\"name\":\"Vidzeme\",\"description\":\"Vidzemes pl\u0101no\u0161anas re\u0123ions\",\"publisher\":{\"@id\":\"https:\/\/www.vidzeme.lv\/en\/#organization\"},\"potentialAction\":[{\"@type\":\"SearchAction\",\"target\":{\"@type\":\"EntryPoint\",\"urlTemplate\":\"https:\/\/www.vidzeme.lv\/en\/?s={search_term_string}\"},\"query-input\":{\"@type\":\"PropertyValueSpecification\",\"valueRequired\":true,\"valueName\":\"search_term_string\"}}],\"inLanguage\":\"en-US\"},{\"@type\":\"Organization\",\"@id\":\"https:\/\/www.vidzeme.lv\/en\/#organization\",\"name\":\"Vidzemes pl\u0101no\u0161anas re\u0123ions\",\"url\":\"https:\/\/www.vidzeme.lv\/en\/\",\"logo\":{\"@type\":\"ImageObject\",\"inLanguage\":\"en-US\",\"@id\":\"https:\/\/www.vidzeme.lv\/en\/#\/schema\/logo\/image\/\",\"url\":\"https:\/\/www.vidzeme.lv\/wp-content\/uploads\/2023\/05\/logo.png\",\"contentUrl\":\"https:\/\/www.vidzeme.lv\/wp-content\/uploads\/2023\/05\/logo.png\",\"width\":291,\"height\":186,\"caption\":\"Vidzemes pl\u0101no\u0161anas re\u0123ions\"},\"image\":{\"@id\":\"https:\/\/www.vidzeme.lv\/en\/#\/schema\/logo\/image\/\"}},{\"@type\":\"Person\",\"@id\":\"https:\/\/www.vidzeme.lv\/en\/#\/schema\/person\/55685685c3b8d3243857ac3867b78b34\",\"name\":\"Alise Seile\",\"image\":{\"@type\":\"ImageObject\",\"inLanguage\":\"en-US\",\"@id\":\"https:\/\/www.vidzeme.lv\/en\/#\/schema\/person\/image\/\",\"url\":\"https:\/\/secure.gravatar.com\/avatar\/c84b608ab5a34aa5b3e5ad66b3946bef?s=96&d=mm&r=g\",\"contentUrl\":\"https:\/\/secure.gravatar.com\/avatar\/c84b608ab5a34aa5b3e5ad66b3946bef?s=96&d=mm&r=g\",\"caption\":\"Alise Seile\"}}]}<\/script>\n<!-- \/ Yoast SEO plugin. -->","yoast_head_json":{"title":"Vidzeme Planning Region launches the improvement of regional policy in the field of social care - Vidzemes pl\u0101no\u0161anas re\u0123ions","description":"To gain knowledge and enhance the development of regional policies in the field of social care, the Vidzeme Planning Region (VPR) has joined the international&hellip;","robots":{"index":"index","follow":"follow","max-snippet":"max-snippet:-1","max-image-preview":"max-image-preview:large","max-video-preview":"max-video-preview:-1"},"canonical":"https:\/\/www.vidzeme.lv\/en\/vidzeme-planning-region-launches-the-improvement-of-regional-policy-in-the-field-of-social-care\/","og_locale":"en_US","og_type":"article","og_title":"Vidzeme Planning Region launches the improvement of regional policy in the field of social care - Vidzemes pl\u0101no\u0161anas re\u0123ions","og_description":"To gain knowledge and enhance the development of regional policies in the field of social care, the Vidzeme Planning Region (VPR) has joined the international&hellip;","og_url":"https:\/\/www.vidzeme.lv\/en\/vidzeme-planning-region-launches-the-improvement-of-regional-policy-in-the-field-of-social-care\/","og_site_name":"Vidzemes pl\u0101no\u0161anas re\u0123ions","article_published_time":"2025-05-30T12:23:11+00:00","article_modified_time":"2025-06-13T09:03:36+00:00","og_image":[{"width":2560,"height":1920,"url":"https:\/\/www.vidzeme.lv\/wp-content\/uploads\/2025\/05\/IMG_6269-1-scaled.jpeg","type":"image\/jpeg"}],"author":"Alise Seile","twitter_card":"summary_large_image","twitter_misc":{"Written by":"Alise Seile","Est. reading time":"4 minutes"},"schema":{"@context":"https:\/\/schema.org","@graph":[{"@type":"Article","@id":"https:\/\/www.vidzeme.lv\/en\/vidzeme-planning-region-launches-the-improvement-of-regional-policy-in-the-field-of-social-care\/#article","isPartOf":{"@id":"https:\/\/www.vidzeme.lv\/en\/vidzeme-planning-region-launches-the-improvement-of-regional-policy-in-the-field-of-social-care\/"},"author":{"name":"Alise Seile","@id":"https:\/\/www.vidzeme.lv\/en\/#\/schema\/person\/55685685c3b8d3243857ac3867b78b34"},"headline":"Vidzeme Planning Region launches the improvement of regional policy in the field of social care","datePublished":"2025-05-30T12:23:11+00:00","dateModified":"2025-06-13T09:03:36+00:00","mainEntityOfPage":{"@id":"https:\/\/www.vidzeme.lv\/en\/vidzeme-planning-region-launches-the-improvement-of-regional-policy-in-the-field-of-social-care\/"},"wordCount":720,"commentCount":0,"publisher":{"@id":"https:\/\/www.vidzeme.lv\/en\/#organization"},"image":{"@id":"https:\/\/www.vidzeme.lv\/en\/vidzeme-planning-region-launches-the-improvement-of-regional-policy-in-the-field-of-social-care\/#primaryimage"},"thumbnailUrl":"https:\/\/www.vidzeme.lv\/wp-content\/uploads\/2025\/05\/IMG_6269-1-scaled.jpeg","inLanguage":"en-US","potentialAction":[{"@type":"CommentAction","name":"Comment","target":["https:\/\/www.vidzeme.lv\/en\/vidzeme-planning-region-launches-the-improvement-of-regional-policy-in-the-field-of-social-care\/#respond"]}]},{"@type":"WebPage","@id":"https:\/\/www.vidzeme.lv\/en\/vidzeme-planning-region-launches-the-improvement-of-regional-policy-in-the-field-of-social-care\/","url":"https:\/\/www.vidzeme.lv\/en\/vidzeme-planning-region-launches-the-improvement-of-regional-policy-in-the-field-of-social-care\/","name":"Vidzeme Planning Region launches the improvement of regional policy in the field of social care - Vidzemes pl\u0101no\u0161anas re\u0123ions","isPartOf":{"@id":"https:\/\/www.vidzeme.lv\/en\/#website"},"primaryImageOfPage":{"@id":"https:\/\/www.vidzeme.lv\/en\/vidzeme-planning-region-launches-the-improvement-of-regional-policy-in-the-field-of-social-care\/#primaryimage"},"image":{"@id":"https:\/\/www.vidzeme.lv\/en\/vidzeme-planning-region-launches-the-improvement-of-regional-policy-in-the-field-of-social-care\/#primaryimage"},"thumbnailUrl":"https:\/\/www.vidzeme.lv\/wp-content\/uploads\/2025\/05\/IMG_6269-1-scaled.jpeg","datePublished":"2025-05-30T12:23:11+00:00","dateModified":"2025-06-13T09:03:36+00:00","description":"To gain knowledge and enhance the development of regional policies in the field of social care, the Vidzeme Planning Region (VPR) has joined the international&hellip;","breadcrumb":{"@id":"https:\/\/www.vidzeme.lv\/en\/vidzeme-planning-region-launches-the-improvement-of-regional-policy-in-the-field-of-social-care\/#breadcrumb"},"inLanguage":"en-US","potentialAction":[{"@type":"ReadAction","target":["https:\/\/www.vidzeme.lv\/en\/vidzeme-planning-region-launches-the-improvement-of-regional-policy-in-the-field-of-social-care\/"]}]},{"@type":"ImageObject","inLanguage":"en-US","@id":"https:\/\/www.vidzeme.lv\/en\/vidzeme-planning-region-launches-the-improvement-of-regional-policy-in-the-field-of-social-care\/#primaryimage","url":"https:\/\/www.vidzeme.lv\/wp-content\/uploads\/2025\/05\/IMG_6269-1-scaled.jpeg","contentUrl":"https:\/\/www.vidzeme.lv\/wp-content\/uploads\/2025\/05\/IMG_6269-1-scaled.jpeg","width":2560,"height":1920,"caption":"vidzeme planning region launches the improvement of regional policy in the field of social care"},{"@type":"BreadcrumbList","@id":"https:\/\/www.vidzeme.lv\/en\/vidzeme-planning-region-launches-the-improvement-of-regional-policy-in-the-field-of-social-care\/#breadcrumb","itemListElement":[{"@type":"ListItem","position":1,"name":"Home","item":"https:\/\/www.vidzeme.lv\/en\/"},{"@type":"ListItem","position":2,"name":"Vidzeme Planning Region launches the improvement of regional policy in the field of social care"}]},{"@type":"WebSite","@id":"https:\/\/www.vidzeme.lv\/en\/#website","url":"https:\/\/www.vidzeme.lv\/en\/","name":"Vidzeme","description":"Vidzemes pl\u0101no\u0161anas re\u0123ions","publisher":{"@id":"https:\/\/www.vidzeme.lv\/en\/#organization"},"potentialAction":[{"@type":"SearchAction","target":{"@type":"EntryPoint","urlTemplate":"https:\/\/www.vidzeme.lv\/en\/?s={search_term_string}"},"query-input":{"@type":"PropertyValueSpecification","valueRequired":true,"valueName":"search_term_string"}}],"inLanguage":"en-US"},{"@type":"Organization","@id":"https:\/\/www.vidzeme.lv\/en\/#organization","name":"Vidzemes pl\u0101no\u0161anas re\u0123ions","url":"https:\/\/www.vidzeme.lv\/en\/","logo":{"@type":"ImageObject","inLanguage":"en-US","@id":"https:\/\/www.vidzeme.lv\/en\/#\/schema\/logo\/image\/","url":"https:\/\/www.vidzeme.lv\/wp-content\/uploads\/2023\/05\/logo.png","contentUrl":"https:\/\/www.vidzeme.lv\/wp-content\/uploads\/2023\/05\/logo.png","width":291,"height":186,"caption":"Vidzemes pl\u0101no\u0161anas re\u0123ions"},"image":{"@id":"https:\/\/www.vidzeme.lv\/en\/#\/schema\/logo\/image\/"}},{"@type":"Person","@id":"https:\/\/www.vidzeme.lv\/en\/#\/schema\/person\/55685685c3b8d3243857ac3867b78b34","name":"Alise Seile","image":{"@type":"ImageObject","inLanguage":"en-US","@id":"https:\/\/www.vidzeme.lv\/en\/#\/schema\/person\/image\/","url":"https:\/\/secure.gravatar.com\/avatar\/c84b608ab5a34aa5b3e5ad66b3946bef?s=96&d=mm&r=g","contentUrl":"https:\/\/secure.gravatar.com\/avatar\/c84b608ab5a34aa5b3e5ad66b3946bef?s=96&d=mm&r=g","caption":"Alise Seile"}}]}},"_links":{"self":[{"href":"https:\/\/www.vidzeme.lv\/en\/wp-json\/wp\/v2\/posts\/70818","targetHints":{"allow":["GET"]}}],"collection":[{"href":"https:\/\/www.vidzeme.lv\/en\/wp-json\/wp\/v2\/posts"}],"about":[{"href":"https:\/\/www.vidzeme.lv\/en\/wp-json\/wp\/v2\/types\/post"}],"author":[{"embeddable":true,"href":"https:\/\/www.vidzeme.lv\/en\/wp-json\/wp\/v2\/users\/50"}],"replies":[{"embeddable":true,"href":"https:\/\/www.vidzeme.lv\/en\/wp-json\/wp\/v2\/comments?post=70818"}],"version-history":[{"count":3,"href":"https:\/\/www.vidzeme.lv\/en\/wp-json\/wp\/v2\/posts\/70818\/revisions"}],"predecessor-version":[{"id":70827,"href":"https:\/\/www.vidzeme.lv\/en\/wp-json\/wp\/v2\/posts\/70818\/revisions\/70827"}],"wp:featuredmedia":[{"embeddable":true,"href":"https:\/\/www.vidzeme.lv\/en\/wp-json\/wp\/v2\/media\/70825"}],"wp:attachment":[{"href":"https:\/\/www.vidzeme.lv\/en\/wp-json\/wp\/v2\/media?parent=70818"}],"wp:term":[{"taxonomy":"category","embeddable":true,"href":"https:\/\/www.vidzeme.lv\/en\/wp-json\/wp\/v2\/categories?post=70818"},{"taxonomy":"post_tag","embeddable":true,"href":"https:\/\/www.vidzeme.lv\/en\/wp-json\/wp\/v2\/tags?post=70818"}],"curies":[{"name":"wp","href":"https:\/\/api.w.org\/{rel}","templated":true}]}}