{"id":70829,"date":"2025-06-12T11:22:17","date_gmt":"2025-06-12T08:22:17","guid":{"rendered":"https:\/\/www.vidzeme.lv\/cesis-pulcejas-jaunatnes-jomas-profesionali-no-bulgarijas-cehijas-un-polijas-lai-kopigi-veidotu-demokratisku-un-medijpratigu-nakotni\/"},"modified":"2025-06-13T14:39:01","modified_gmt":"2025-06-13T11:39:01","slug":"cesis-pulcejas-jaunatnes-jomas-profesionali-no-bulgarijas-cehijas-un-polijas-lai-kopigi-veidotu-demokratisku-un-medijpratigu-nakotni","status":"publish","type":"post","link":"https:\/\/www.vidzeme.lv\/en\/cesis-pulcejas-jaunatnes-jomas-profesionali-no-bulgarijas-cehijas-un-polijas-lai-kopigi-veidotu-demokratisku-un-medijpratigu-nakotni\/","title":{"rendered":"Youth Professionals from Latvia, Bulgaria, Czech Republic, and Poland Gather in C\u0113sis to Shape a Democratic and Media-Literate Future"},"content":{"rendered":"<p>From <strong>June 9 to 12, 2025<\/strong>, an international partner meeting was held in C\u0113sis as part of the project <strong>\u201cUP2YOUTH \u2013 Democratic Future in Youth Responsible Hands,\u201d<\/strong> bringing together youth field specialists and media literacy educators from <strong>Bulgaria, Czech Republic, Poland, and Latvia<\/strong>. The aim of the meeting was to strengthen the understanding of young people&#8217;s role in today\u2019s digital society and promote their ability to critically evaluate media content, thus supporting the sustainability of democracy in Europe.<\/p>\n<p>The venue \u2013 <strong>Rucka Manor in C\u0113sis<\/strong> \u2013 became a collaborative space where partners engaged in intensive discussions over four days about media literacy training methods, analyzed current trends, and developed tools to help youth become knowledgeable, responsible, and active citizens. The workshops were led by <strong>Vidzeme University of Applied Sciences Rector Dr. Agnese D\u0101vidsone<\/strong> and <strong>Director of Information and Communication Science study direction M\u0101ra Ar\u0101ja<\/strong>.<\/p>\n<p><strong>Media Literacy as a Pillar of Democracy<\/strong><\/p>\n<p>The <strong>\u201cUP2YOUTH\u201d<\/strong> project is based on the belief that critical thinking and media literacy are essential skills for 21st-century youth. Participants took part in various learning activities aimed at understanding how media influence public perception, how media messages are created for different audiences, and how to identify manipulation and disinformation.<\/p>\n<p>One of the most notable elements of the event was the practical workshop <strong>\u201cUnderstanding Audiences: From Personas to Media Production,\u201d<\/strong> where participants analyzed audience behavior and how media adapt content to different segments of society. This experience helps develop empathy, media awareness, and the ability to recognize the intentions behind every message.<\/p>\n<p><em>\u201cAs a trainer, it is important for me to recognize that each participant is different, and often we don\u2019t know their experience or needs at first. That\u2019s why I use diverse methods in the learning process\u2014discussion, reflection, and experimentation\u2014to create an engaging environment and ensure meaningful impact,\u201d<\/em> shared a project partner from <strong>Poland<\/strong>.<\/p>\n<p>The program also included an <strong>interactive escape game<\/strong>, during which teams competed in tasks involving fact-checking, identifying disinformation, recognizing visual manipulation, and analyzing news sources. The game served as a creative and effective way to develop media literacy through collaboration and gamification.<\/p>\n<p><strong>International Cooperation and Sustainable Outcomes<\/strong><\/p>\n<p>The project goes beyond training \u2013 one of its long-term goals is to develop an <strong>educational video game<\/strong>, incorporating best practices and methods from the collaborative work. The game\u2019s content will be based on the challenges and opportunities identified during this meeting and later used in youth work across all partner countries.<\/p>\n<p><em>\u201cThis meeting is a testament to how important it is to develop a shared European vision on how to strengthen youth media literacy and responsible civic engagement. Only together can we build a safe, informed, and democratic future,\u201d<\/em> said <strong>Inguna Kucina<\/strong>, project manager from the <strong>Vidzeme Planning Region<\/strong>.<\/p>\n<p>On the final day, participants summarized their experiences and developed recommendations for the game\u2019s structure, while also discussing how to better engage young people as active participants in democratic processes \u2013 from media understanding to civic involvement.<\/p>\n<p><strong>About project UP2YOUTH<\/strong><\/p>\n<p><em>The UP2YOUTH project is implemented in 4 countries \u2013 Poland, Bulgaria, Latvia and the Czech Republic \u2013 with the aim of increasing the quality and innovation in work with youth, identifying and creating new, more effective methods and tools in the field of youth civic education, media education and media literacy.<\/em><\/p>\n<p><em>As part of this initiative, the project will develop digital tools for civic and media literacy aimed at young people, as well as educational materials for teachers. These resources will help strengthen civic engagement, improve media literacy among youth, promote responsible media consumption, and mitigate the risks of misinformation.<\/em><\/p>\n<p><em>The project targets young people aged 18-26, educators and trainers working with youth, as well as youth organization leaders, policy makers in partner countries, and local authorities.<\/em><\/p>\n","protected":false},"excerpt":{"rendered":"<p>No 2025. gada 9. l\u012bdz 12. j\u016bnijam C\u0113s\u012bs notika starptautisks partneru tik\u0161an\u0101s pas\u0101kums projekta \u201cUP2YOUTH \u2013 demokr\u0101tisk\u0101 n\u0101kotne atbild\u012bg\u0101s jaunie\u0161u rok\u0101s\u201d ietvaros, pulc\u0113jot jaunatnes jomas speci\u0101listus un medijprat\u012bbas izgl\u012btot\u0101jus no Bulg\u0101rijas, \u010cehijas, Polijas un Latvijas. Tik\u0161an\u0101s m\u0113r\u0137is bija stiprin\u0101t izpratni par jaunie\u0161u lomu m\u016bsdienu digit\u0101laj\u0101 sabiedr\u012bb\u0101 un veicin\u0101t sp\u0113ju kritiski v\u0113rt\u0113t mediju saturu, t\u0101d\u0113j\u0101di atbalstot demokr\u0101tijas ilgtsp\u0113ju Eirop\u0101.<\/p>\n","protected":false},"author":13,"featured_media":70781,"comment_status":"open","ping_status":"open","sticky":false,"template":"","format":"standard","meta":{"_acf_changed":false,"footnotes":""},"categories":[271],"tags":[],"class_list":["post-70829","post","type-post","status-publish","format-standard","has-post-thumbnail","hentry","category-jauniesi-en"],"acf":[],"yoast_head":"<!-- This site is optimized with the Yoast SEO plugin v25.6 - https:\/\/yoast.com\/wordpress\/plugins\/seo\/ -->\n<title>Youth Professionals from Latvia, Bulgaria, Czech Republic, and Poland Gather in C\u0113sis to Shape a Democratic and Media-Literate Future - Vidzemes pl\u0101no\u0161anas re\u0123ions<\/title>\n<meta name=\"description\" content=\"No 2025. gada 9. l\u012bdz 12. j\u016bnijam C\u0113s\u012bs notika starptautisks partneru tik\u0161an\u0101s pas\u0101kums projekta \u201cUP2YOUTH \u2013 demokr\u0101tisk\u0101 n\u0101kotne atbild\u012bg\u0101s jaunie\u0161u rok\u0101s\u201d ietvaros, pulc\u0113jot jaunatnes jomas&hellip;\" \/>\n<meta name=\"robots\" content=\"index, follow, max-snippet:-1, max-image-preview:large, max-video-preview:-1\" \/>\n<link rel=\"canonical\" href=\"https:\/\/www.vidzeme.lv\/en\/cesis-pulcejas-jaunatnes-jomas-profesionali-no-bulgarijas-cehijas-un-polijas-lai-kopigi-veidotu-demokratisku-un-medijpratigu-nakotni\/\" \/>\n<meta property=\"og:locale\" content=\"en_US\" \/>\n<meta property=\"og:type\" content=\"article\" \/>\n<meta property=\"og:title\" content=\"Youth Professionals from Latvia, Bulgaria, Czech Republic, and Poland Gather in C\u0113sis to Shape a Democratic and Media-Literate Future - Vidzemes pl\u0101no\u0161anas re\u0123ions\" \/>\n<meta property=\"og:description\" content=\"No 2025. gada 9. l\u012bdz 12. j\u016bnijam C\u0113s\u012bs notika starptautisks partneru tik\u0161an\u0101s pas\u0101kums projekta \u201cUP2YOUTH \u2013 demokr\u0101tisk\u0101 n\u0101kotne atbild\u012bg\u0101s jaunie\u0161u rok\u0101s\u201d ietvaros, pulc\u0113jot jaunatnes jomas&hellip;\" \/>\n<meta property=\"og:url\" content=\"https:\/\/www.vidzeme.lv\/en\/cesis-pulcejas-jaunatnes-jomas-profesionali-no-bulgarijas-cehijas-un-polijas-lai-kopigi-veidotu-demokratisku-un-medijpratigu-nakotni\/\" \/>\n<meta property=\"og:site_name\" content=\"Vidzemes pl\u0101no\u0161anas re\u0123ions\" \/>\n<meta property=\"article:published_time\" content=\"2025-06-12T08:22:17+00:00\" \/>\n<meta property=\"article:modified_time\" content=\"2025-06-13T11:39:01+00:00\" \/>\n<meta property=\"og:image\" content=\"https:\/\/www.vidzeme.lv\/wp-content\/uploads\/2025\/06\/WhatsApp-attels-2025-06-12-plkst.-11.08.30_e8fd76f7.jpg\" \/>\n\t<meta property=\"og:image:width\" content=\"1600\" \/>\n\t<meta property=\"og:image:height\" content=\"900\" \/>\n\t<meta property=\"og:image:type\" content=\"image\/jpeg\" \/>\n<meta name=\"author\" content=\"Marta Rieksti\u0146a\" \/>\n<meta name=\"twitter:card\" content=\"summary_large_image\" \/>\n<meta name=\"twitter:label1\" content=\"Written by\" \/>\n\t<meta name=\"twitter:data1\" content=\"Marta Rieksti\u0146a\" \/>\n\t<meta name=\"twitter:label2\" content=\"Est. reading time\" \/>\n\t<meta name=\"twitter:data2\" content=\"4 minutes\" \/>\n<script type=\"application\/ld+json\" class=\"yoast-schema-graph\">{\"@context\":\"https:\/\/schema.org\",\"@graph\":[{\"@type\":\"Article\",\"@id\":\"https:\/\/www.vidzeme.lv\/en\/cesis-pulcejas-jaunatnes-jomas-profesionali-no-bulgarijas-cehijas-un-polijas-lai-kopigi-veidotu-demokratisku-un-medijpratigu-nakotni\/#article\",\"isPartOf\":{\"@id\":\"https:\/\/www.vidzeme.lv\/en\/cesis-pulcejas-jaunatnes-jomas-profesionali-no-bulgarijas-cehijas-un-polijas-lai-kopigi-veidotu-demokratisku-un-medijpratigu-nakotni\/\"},\"author\":{\"name\":\"Marta Rieksti\u0146a\",\"@id\":\"https:\/\/www.vidzeme.lv\/en\/#\/schema\/person\/3547c9ae43bbc9d2ae6577bcb6a35d1d\"},\"headline\":\"Youth Professionals from Latvia, Bulgaria, Czech Republic, and Poland Gather in C\u0113sis to Shape a Democratic and Media-Literate Future\",\"datePublished\":\"2025-06-12T08:22:17+00:00\",\"dateModified\":\"2025-06-13T11:39:01+00:00\",\"mainEntityOfPage\":{\"@id\":\"https:\/\/www.vidzeme.lv\/en\/cesis-pulcejas-jaunatnes-jomas-profesionali-no-bulgarijas-cehijas-un-polijas-lai-kopigi-veidotu-demokratisku-un-medijpratigu-nakotni\/\"},\"wordCount\":646,\"commentCount\":0,\"publisher\":{\"@id\":\"https:\/\/www.vidzeme.lv\/en\/#organization\"},\"image\":{\"@id\":\"https:\/\/www.vidzeme.lv\/en\/cesis-pulcejas-jaunatnes-jomas-profesionali-no-bulgarijas-cehijas-un-polijas-lai-kopigi-veidotu-demokratisku-un-medijpratigu-nakotni\/#primaryimage\"},\"thumbnailUrl\":\"https:\/\/www.vidzeme.lv\/wp-content\/uploads\/2025\/06\/WhatsApp-attels-2025-06-12-plkst.-11.08.30_e8fd76f7.jpg\",\"articleSection\":[\"Jaunie\u0161i\"],\"inLanguage\":\"en-US\",\"potentialAction\":[{\"@type\":\"CommentAction\",\"name\":\"Comment\",\"target\":[\"https:\/\/www.vidzeme.lv\/en\/cesis-pulcejas-jaunatnes-jomas-profesionali-no-bulgarijas-cehijas-un-polijas-lai-kopigi-veidotu-demokratisku-un-medijpratigu-nakotni\/#respond\"]}]},{\"@type\":\"WebPage\",\"@id\":\"https:\/\/www.vidzeme.lv\/en\/cesis-pulcejas-jaunatnes-jomas-profesionali-no-bulgarijas-cehijas-un-polijas-lai-kopigi-veidotu-demokratisku-un-medijpratigu-nakotni\/\",\"url\":\"https:\/\/www.vidzeme.lv\/en\/cesis-pulcejas-jaunatnes-jomas-profesionali-no-bulgarijas-cehijas-un-polijas-lai-kopigi-veidotu-demokratisku-un-medijpratigu-nakotni\/\",\"name\":\"Youth Professionals from Latvia, Bulgaria, Czech Republic, and Poland Gather in C\u0113sis to Shape a Democratic and Media-Literate Future - Vidzemes pl\u0101no\u0161anas re\u0123ions\",\"isPartOf\":{\"@id\":\"https:\/\/www.vidzeme.lv\/en\/#website\"},\"primaryImageOfPage\":{\"@id\":\"https:\/\/www.vidzeme.lv\/en\/cesis-pulcejas-jaunatnes-jomas-profesionali-no-bulgarijas-cehijas-un-polijas-lai-kopigi-veidotu-demokratisku-un-medijpratigu-nakotni\/#primaryimage\"},\"image\":{\"@id\":\"https:\/\/www.vidzeme.lv\/en\/cesis-pulcejas-jaunatnes-jomas-profesionali-no-bulgarijas-cehijas-un-polijas-lai-kopigi-veidotu-demokratisku-un-medijpratigu-nakotni\/#primaryimage\"},\"thumbnailUrl\":\"https:\/\/www.vidzeme.lv\/wp-content\/uploads\/2025\/06\/WhatsApp-attels-2025-06-12-plkst.-11.08.30_e8fd76f7.jpg\",\"datePublished\":\"2025-06-12T08:22:17+00:00\",\"dateModified\":\"2025-06-13T11:39:01+00:00\",\"description\":\"No 2025. gada 9. l\u012bdz 12. j\u016bnijam C\u0113s\u012bs notika starptautisks partneru tik\u0161an\u0101s pas\u0101kums projekta \u201cUP2YOUTH \u2013 demokr\u0101tisk\u0101 n\u0101kotne atbild\u012bg\u0101s jaunie\u0161u rok\u0101s\u201d ietvaros, pulc\u0113jot jaunatnes jomas&hellip;\",\"breadcrumb\":{\"@id\":\"https:\/\/www.vidzeme.lv\/en\/cesis-pulcejas-jaunatnes-jomas-profesionali-no-bulgarijas-cehijas-un-polijas-lai-kopigi-veidotu-demokratisku-un-medijpratigu-nakotni\/#breadcrumb\"},\"inLanguage\":\"en-US\",\"potentialAction\":[{\"@type\":\"ReadAction\",\"target\":[\"https:\/\/www.vidzeme.lv\/en\/cesis-pulcejas-jaunatnes-jomas-profesionali-no-bulgarijas-cehijas-un-polijas-lai-kopigi-veidotu-demokratisku-un-medijpratigu-nakotni\/\"]}]},{\"@type\":\"ImageObject\",\"inLanguage\":\"en-US\",\"@id\":\"https:\/\/www.vidzeme.lv\/en\/cesis-pulcejas-jaunatnes-jomas-profesionali-no-bulgarijas-cehijas-un-polijas-lai-kopigi-veidotu-demokratisku-un-medijpratigu-nakotni\/#primaryimage\",\"url\":\"https:\/\/www.vidzeme.lv\/wp-content\/uploads\/2025\/06\/WhatsApp-attels-2025-06-12-plkst.-11.08.30_e8fd76f7.jpg\",\"contentUrl\":\"https:\/\/www.vidzeme.lv\/wp-content\/uploads\/2025\/06\/WhatsApp-attels-2025-06-12-plkst.-11.08.30_e8fd76f7.jpg\",\"width\":1600,\"height\":900,\"caption\":\"youth professionals from latvia bulgaria czech republic and poland gather in cesis to shape a democratic and media literate future\"},{\"@type\":\"BreadcrumbList\",\"@id\":\"https:\/\/www.vidzeme.lv\/en\/cesis-pulcejas-jaunatnes-jomas-profesionali-no-bulgarijas-cehijas-un-polijas-lai-kopigi-veidotu-demokratisku-un-medijpratigu-nakotni\/#breadcrumb\",\"itemListElement\":[{\"@type\":\"ListItem\",\"position\":1,\"name\":\"Home\",\"item\":\"https:\/\/www.vidzeme.lv\/en\/\"},{\"@type\":\"ListItem\",\"position\":2,\"name\":\"Youth Professionals from Latvia, Bulgaria, Czech Republic, and Poland Gather in C\u0113sis to Shape a Democratic and Media-Literate Future\"}]},{\"@type\":\"WebSite\",\"@id\":\"https:\/\/www.vidzeme.lv\/en\/#website\",\"url\":\"https:\/\/www.vidzeme.lv\/en\/\",\"name\":\"Vidzeme\",\"description\":\"Vidzemes pl\u0101no\u0161anas re\u0123ions\",\"publisher\":{\"@id\":\"https:\/\/www.vidzeme.lv\/en\/#organization\"},\"potentialAction\":[{\"@type\":\"SearchAction\",\"target\":{\"@type\":\"EntryPoint\",\"urlTemplate\":\"https:\/\/www.vidzeme.lv\/en\/?s={search_term_string}\"},\"query-input\":{\"@type\":\"PropertyValueSpecification\",\"valueRequired\":true,\"valueName\":\"search_term_string\"}}],\"inLanguage\":\"en-US\"},{\"@type\":\"Organization\",\"@id\":\"https:\/\/www.vidzeme.lv\/en\/#organization\",\"name\":\"Vidzemes pl\u0101no\u0161anas re\u0123ions\",\"url\":\"https:\/\/www.vidzeme.lv\/en\/\",\"logo\":{\"@type\":\"ImageObject\",\"inLanguage\":\"en-US\",\"@id\":\"https:\/\/www.vidzeme.lv\/en\/#\/schema\/logo\/image\/\",\"url\":\"https:\/\/www.vidzeme.lv\/wp-content\/uploads\/2023\/05\/logo.png\",\"contentUrl\":\"https:\/\/www.vidzeme.lv\/wp-content\/uploads\/2023\/05\/logo.png\",\"width\":291,\"height\":186,\"caption\":\"Vidzemes pl\u0101no\u0161anas re\u0123ions\"},\"image\":{\"@id\":\"https:\/\/www.vidzeme.lv\/en\/#\/schema\/logo\/image\/\"}},{\"@type\":\"Person\",\"@id\":\"https:\/\/www.vidzeme.lv\/en\/#\/schema\/person\/3547c9ae43bbc9d2ae6577bcb6a35d1d\",\"name\":\"Marta Rieksti\u0146a\",\"image\":{\"@type\":\"ImageObject\",\"inLanguage\":\"en-US\",\"@id\":\"https:\/\/www.vidzeme.lv\/en\/#\/schema\/person\/image\/\",\"url\":\"https:\/\/secure.gravatar.com\/avatar\/7c977490b63f986a11500e30844a301c?s=96&d=mm&r=g\",\"contentUrl\":\"https:\/\/secure.gravatar.com\/avatar\/7c977490b63f986a11500e30844a301c?s=96&d=mm&r=g\",\"caption\":\"Marta Rieksti\u0146a\"}}]}<\/script>\n<!-- \/ Yoast SEO plugin. -->","yoast_head_json":{"title":"Youth Professionals from Latvia, Bulgaria, Czech Republic, and Poland Gather in C\u0113sis to Shape a Democratic and Media-Literate Future - Vidzemes pl\u0101no\u0161anas re\u0123ions","description":"No 2025. gada 9. l\u012bdz 12. j\u016bnijam C\u0113s\u012bs notika starptautisks partneru tik\u0161an\u0101s pas\u0101kums projekta \u201cUP2YOUTH \u2013 demokr\u0101tisk\u0101 n\u0101kotne atbild\u012bg\u0101s jaunie\u0161u rok\u0101s\u201d ietvaros, pulc\u0113jot jaunatnes jomas&hellip;","robots":{"index":"index","follow":"follow","max-snippet":"max-snippet:-1","max-image-preview":"max-image-preview:large","max-video-preview":"max-video-preview:-1"},"canonical":"https:\/\/www.vidzeme.lv\/en\/cesis-pulcejas-jaunatnes-jomas-profesionali-no-bulgarijas-cehijas-un-polijas-lai-kopigi-veidotu-demokratisku-un-medijpratigu-nakotni\/","og_locale":"en_US","og_type":"article","og_title":"Youth Professionals from Latvia, Bulgaria, Czech Republic, and Poland Gather in C\u0113sis to Shape a Democratic and Media-Literate Future - Vidzemes pl\u0101no\u0161anas re\u0123ions","og_description":"No 2025. gada 9. l\u012bdz 12. j\u016bnijam C\u0113s\u012bs notika starptautisks partneru tik\u0161an\u0101s pas\u0101kums projekta \u201cUP2YOUTH \u2013 demokr\u0101tisk\u0101 n\u0101kotne atbild\u012bg\u0101s jaunie\u0161u rok\u0101s\u201d ietvaros, pulc\u0113jot jaunatnes jomas&hellip;","og_url":"https:\/\/www.vidzeme.lv\/en\/cesis-pulcejas-jaunatnes-jomas-profesionali-no-bulgarijas-cehijas-un-polijas-lai-kopigi-veidotu-demokratisku-un-medijpratigu-nakotni\/","og_site_name":"Vidzemes pl\u0101no\u0161anas re\u0123ions","article_published_time":"2025-06-12T08:22:17+00:00","article_modified_time":"2025-06-13T11:39:01+00:00","og_image":[{"width":1600,"height":900,"url":"https:\/\/www.vidzeme.lv\/wp-content\/uploads\/2025\/06\/WhatsApp-attels-2025-06-12-plkst.-11.08.30_e8fd76f7.jpg","type":"image\/jpeg"}],"author":"Marta Rieksti\u0146a","twitter_card":"summary_large_image","twitter_misc":{"Written by":"Marta Rieksti\u0146a","Est. reading time":"4 minutes"},"schema":{"@context":"https:\/\/schema.org","@graph":[{"@type":"Article","@id":"https:\/\/www.vidzeme.lv\/en\/cesis-pulcejas-jaunatnes-jomas-profesionali-no-bulgarijas-cehijas-un-polijas-lai-kopigi-veidotu-demokratisku-un-medijpratigu-nakotni\/#article","isPartOf":{"@id":"https:\/\/www.vidzeme.lv\/en\/cesis-pulcejas-jaunatnes-jomas-profesionali-no-bulgarijas-cehijas-un-polijas-lai-kopigi-veidotu-demokratisku-un-medijpratigu-nakotni\/"},"author":{"name":"Marta Rieksti\u0146a","@id":"https:\/\/www.vidzeme.lv\/en\/#\/schema\/person\/3547c9ae43bbc9d2ae6577bcb6a35d1d"},"headline":"Youth Professionals from Latvia, Bulgaria, Czech Republic, and Poland Gather in C\u0113sis to Shape a Democratic and Media-Literate Future","datePublished":"2025-06-12T08:22:17+00:00","dateModified":"2025-06-13T11:39:01+00:00","mainEntityOfPage":{"@id":"https:\/\/www.vidzeme.lv\/en\/cesis-pulcejas-jaunatnes-jomas-profesionali-no-bulgarijas-cehijas-un-polijas-lai-kopigi-veidotu-demokratisku-un-medijpratigu-nakotni\/"},"wordCount":646,"commentCount":0,"publisher":{"@id":"https:\/\/www.vidzeme.lv\/en\/#organization"},"image":{"@id":"https:\/\/www.vidzeme.lv\/en\/cesis-pulcejas-jaunatnes-jomas-profesionali-no-bulgarijas-cehijas-un-polijas-lai-kopigi-veidotu-demokratisku-un-medijpratigu-nakotni\/#primaryimage"},"thumbnailUrl":"https:\/\/www.vidzeme.lv\/wp-content\/uploads\/2025\/06\/WhatsApp-attels-2025-06-12-plkst.-11.08.30_e8fd76f7.jpg","articleSection":["Jaunie\u0161i"],"inLanguage":"en-US","potentialAction":[{"@type":"CommentAction","name":"Comment","target":["https:\/\/www.vidzeme.lv\/en\/cesis-pulcejas-jaunatnes-jomas-profesionali-no-bulgarijas-cehijas-un-polijas-lai-kopigi-veidotu-demokratisku-un-medijpratigu-nakotni\/#respond"]}]},{"@type":"WebPage","@id":"https:\/\/www.vidzeme.lv\/en\/cesis-pulcejas-jaunatnes-jomas-profesionali-no-bulgarijas-cehijas-un-polijas-lai-kopigi-veidotu-demokratisku-un-medijpratigu-nakotni\/","url":"https:\/\/www.vidzeme.lv\/en\/cesis-pulcejas-jaunatnes-jomas-profesionali-no-bulgarijas-cehijas-un-polijas-lai-kopigi-veidotu-demokratisku-un-medijpratigu-nakotni\/","name":"Youth Professionals from Latvia, Bulgaria, Czech Republic, and Poland Gather in C\u0113sis to Shape a Democratic and Media-Literate Future - Vidzemes pl\u0101no\u0161anas re\u0123ions","isPartOf":{"@id":"https:\/\/www.vidzeme.lv\/en\/#website"},"primaryImageOfPage":{"@id":"https:\/\/www.vidzeme.lv\/en\/cesis-pulcejas-jaunatnes-jomas-profesionali-no-bulgarijas-cehijas-un-polijas-lai-kopigi-veidotu-demokratisku-un-medijpratigu-nakotni\/#primaryimage"},"image":{"@id":"https:\/\/www.vidzeme.lv\/en\/cesis-pulcejas-jaunatnes-jomas-profesionali-no-bulgarijas-cehijas-un-polijas-lai-kopigi-veidotu-demokratisku-un-medijpratigu-nakotni\/#primaryimage"},"thumbnailUrl":"https:\/\/www.vidzeme.lv\/wp-content\/uploads\/2025\/06\/WhatsApp-attels-2025-06-12-plkst.-11.08.30_e8fd76f7.jpg","datePublished":"2025-06-12T08:22:17+00:00","dateModified":"2025-06-13T11:39:01+00:00","description":"No 2025. gada 9. l\u012bdz 12. j\u016bnijam C\u0113s\u012bs notika starptautisks partneru tik\u0161an\u0101s pas\u0101kums projekta \u201cUP2YOUTH \u2013 demokr\u0101tisk\u0101 n\u0101kotne atbild\u012bg\u0101s jaunie\u0161u rok\u0101s\u201d ietvaros, pulc\u0113jot jaunatnes jomas&hellip;","breadcrumb":{"@id":"https:\/\/www.vidzeme.lv\/en\/cesis-pulcejas-jaunatnes-jomas-profesionali-no-bulgarijas-cehijas-un-polijas-lai-kopigi-veidotu-demokratisku-un-medijpratigu-nakotni\/#breadcrumb"},"inLanguage":"en-US","potentialAction":[{"@type":"ReadAction","target":["https:\/\/www.vidzeme.lv\/en\/cesis-pulcejas-jaunatnes-jomas-profesionali-no-bulgarijas-cehijas-un-polijas-lai-kopigi-veidotu-demokratisku-un-medijpratigu-nakotni\/"]}]},{"@type":"ImageObject","inLanguage":"en-US","@id":"https:\/\/www.vidzeme.lv\/en\/cesis-pulcejas-jaunatnes-jomas-profesionali-no-bulgarijas-cehijas-un-polijas-lai-kopigi-veidotu-demokratisku-un-medijpratigu-nakotni\/#primaryimage","url":"https:\/\/www.vidzeme.lv\/wp-content\/uploads\/2025\/06\/WhatsApp-attels-2025-06-12-plkst.-11.08.30_e8fd76f7.jpg","contentUrl":"https:\/\/www.vidzeme.lv\/wp-content\/uploads\/2025\/06\/WhatsApp-attels-2025-06-12-plkst.-11.08.30_e8fd76f7.jpg","width":1600,"height":900,"caption":"youth professionals from latvia bulgaria czech republic and poland gather in cesis to shape a democratic and media literate future"},{"@type":"BreadcrumbList","@id":"https:\/\/www.vidzeme.lv\/en\/cesis-pulcejas-jaunatnes-jomas-profesionali-no-bulgarijas-cehijas-un-polijas-lai-kopigi-veidotu-demokratisku-un-medijpratigu-nakotni\/#breadcrumb","itemListElement":[{"@type":"ListItem","position":1,"name":"Home","item":"https:\/\/www.vidzeme.lv\/en\/"},{"@type":"ListItem","position":2,"name":"Youth Professionals from Latvia, Bulgaria, Czech Republic, and Poland Gather in C\u0113sis to Shape a Democratic and Media-Literate Future"}]},{"@type":"WebSite","@id":"https:\/\/www.vidzeme.lv\/en\/#website","url":"https:\/\/www.vidzeme.lv\/en\/","name":"Vidzeme","description":"Vidzemes pl\u0101no\u0161anas re\u0123ions","publisher":{"@id":"https:\/\/www.vidzeme.lv\/en\/#organization"},"potentialAction":[{"@type":"SearchAction","target":{"@type":"EntryPoint","urlTemplate":"https:\/\/www.vidzeme.lv\/en\/?s={search_term_string}"},"query-input":{"@type":"PropertyValueSpecification","valueRequired":true,"valueName":"search_term_string"}}],"inLanguage":"en-US"},{"@type":"Organization","@id":"https:\/\/www.vidzeme.lv\/en\/#organization","name":"Vidzemes pl\u0101no\u0161anas re\u0123ions","url":"https:\/\/www.vidzeme.lv\/en\/","logo":{"@type":"ImageObject","inLanguage":"en-US","@id":"https:\/\/www.vidzeme.lv\/en\/#\/schema\/logo\/image\/","url":"https:\/\/www.vidzeme.lv\/wp-content\/uploads\/2023\/05\/logo.png","contentUrl":"https:\/\/www.vidzeme.lv\/wp-content\/uploads\/2023\/05\/logo.png","width":291,"height":186,"caption":"Vidzemes pl\u0101no\u0161anas re\u0123ions"},"image":{"@id":"https:\/\/www.vidzeme.lv\/en\/#\/schema\/logo\/image\/"}},{"@type":"Person","@id":"https:\/\/www.vidzeme.lv\/en\/#\/schema\/person\/3547c9ae43bbc9d2ae6577bcb6a35d1d","name":"Marta Rieksti\u0146a","image":{"@type":"ImageObject","inLanguage":"en-US","@id":"https:\/\/www.vidzeme.lv\/en\/#\/schema\/person\/image\/","url":"https:\/\/secure.gravatar.com\/avatar\/7c977490b63f986a11500e30844a301c?s=96&d=mm&r=g","contentUrl":"https:\/\/secure.gravatar.com\/avatar\/7c977490b63f986a11500e30844a301c?s=96&d=mm&r=g","caption":"Marta Rieksti\u0146a"}}]}},"_links":{"self":[{"href":"https:\/\/www.vidzeme.lv\/en\/wp-json\/wp\/v2\/posts\/70829","targetHints":{"allow":["GET"]}}],"collection":[{"href":"https:\/\/www.vidzeme.lv\/en\/wp-json\/wp\/v2\/posts"}],"about":[{"href":"https:\/\/www.vidzeme.lv\/en\/wp-json\/wp\/v2\/types\/post"}],"author":[{"embeddable":true,"href":"https:\/\/www.vidzeme.lv\/en\/wp-json\/wp\/v2\/users\/13"}],"replies":[{"embeddable":true,"href":"https:\/\/www.vidzeme.lv\/en\/wp-json\/wp\/v2\/comments?post=70829"}],"version-history":[{"count":2,"href":"https:\/\/www.vidzeme.lv\/en\/wp-json\/wp\/v2\/posts\/70829\/revisions"}],"predecessor-version":[{"id":70831,"href":"https:\/\/www.vidzeme.lv\/en\/wp-json\/wp\/v2\/posts\/70829\/revisions\/70831"}],"wp:featuredmedia":[{"embeddable":true,"href":"https:\/\/www.vidzeme.lv\/en\/wp-json\/wp\/v2\/media\/70781"}],"wp:attachment":[{"href":"https:\/\/www.vidzeme.lv\/en\/wp-json\/wp\/v2\/media?parent=70829"}],"wp:term":[{"taxonomy":"category","embeddable":true,"href":"https:\/\/www.vidzeme.lv\/en\/wp-json\/wp\/v2\/categories?post=70829"},{"taxonomy":"post_tag","embeddable":true,"href":"https:\/\/www.vidzeme.lv\/en\/wp-json\/wp\/v2\/tags?post=70829"}],"curies":[{"name":"wp","href":"https:\/\/api.w.org\/{rel}","templated":true}]}}