{"id":71539,"date":"2025-07-06T12:20:49","date_gmt":"2025-07-06T09:20:49","guid":{"rendered":"https:\/\/www.vidzeme.lv\/?p=71539"},"modified":"2025-07-06T12:36:51","modified_gmt":"2025-07-06T09:36:51","slug":"vidzeme-planning-region-actively-engages-in-baltic-sea-region-resilience-and-crisis-preparedness-discussions-in-visby","status":"publish","type":"post","link":"https:\/\/www.vidzeme.lv\/en\/vidzeme-planning-region-actively-engages-in-baltic-sea-region-resilience-and-crisis-preparedness-discussions-in-visby\/","title":{"rendered":"Vidzeme Planning Region Actively Engages in Baltic Sea Region Resilience and Crisis Preparedness Discussions in Visby"},"content":{"rendered":"<div class=\"wpb-content-wrapper\"><p>[vc_row][vc_column]<div class='vc-content vc-paragraph' id=''><p>On June 16-18, 2025, Inese Suija-Markova, Deputy Chair of the Vidzeme Planning Region Development Council, shared valuable insights at the international meeting &#8220;BUILDING A RESILIENT BALTIC SEA REGION &#8211; PERSPECTIVES AND POSSIBILITIES&#8221; held in Visby, Sweden. She was one of the key speakers on the panel &#8220;Navigating Challenges in Emergency Preparedness \u2013 Conflicting Goals, Priorities, and Coordination,&#8221; which discussed the inevitable goal conflicts in crisis management and the crucial role of priorities and coordination.<\/p>\n<p>The meeting gathered 60 participants from nine countries \u2013 Denmark, Estonia, Finland, Germany, Latvia, Lithuania, Norway, Sweden, and Ukraine \u2013 continuing the work of last year&#8217;s EUSBSR (EU Strategy for the Baltic Sea Region) Annual Forum, which saw over 600 participants from 20 countries. Opening remarks at the event were delivered by EUSBSR National Coordinator Anna Hagstr\u00f6ma and Gotland Governor Charlotte Petri Gornitzka. The meeting also featured a panel titled &#8220;Insights and Experiences \u2013 A Baltic Sea Region Perspective,&#8221; and work proceeded in four parallel working groups that addressed topics such as sustainable energy supply, resilient food systems, resilience of critical societal functions, and individual resilience. A session titled &#8220;Lessons Learned from Ukraine&#8221; was also held. All discussions focused on strengthening societal preparedness and resilience, considering the evolving security situation in Europe.<\/p><\/div><div class='vc-highlighted-text' id=''><p>In her speech, Inese Suija-Markova emphasized that crisis preparedness is not merely a technical matter but a profoundly human dimension that requires courage to make complex decisions under conditions of limited information. She noted: &#8220;But anyone who has lived through a real crisis knows \u2013 it&#8217;s not just a technical issue. The human factor is also present.&#8221;<\/p>\n<p>Inese Suija-Markova pointed out that &#8220;And, here\u2019s a hard truth: sometimes, the steps we take to protect people can also disrupt their lives,&#8221; and that recent crises demonstrated &#8220;that for too long, preparedness was treated as a background task. Now we all see \u2013 it must be a national, regional, and local priority.&#8221;<\/p>\n<p>Based on Vidzeme Region&#8217;s experience during the Covid-19 pandemic and the July storm, she highlighted four essential elements for effective crisis preparedness: clear leadership and coordination, strong cooperation across all governmental and sectoral levels, accurate, fast, and honest information, and courage.<\/p>\n<p>The speaker particularly stressed the crucial role of culture in societal resilience: &#8220;Culture isn\u2019t luxury. It\u2019s the invisible hand that holds us together. It builds trust. It shapes identity. It gives people a sense of place, of purpose \u2013 especially during times of uncertainty.&#8221; Both Inese Suija-Markova and her panel colleague Filip Reinhag emphasized the importance of culture and local community engagement in building a resilient society. During the panel, Svante Aasbjerg Thygesen presented initial results from a study on &#8220;Responsibility and Coordination during Crises \u2013 Comparing Crisis Management of the COVID-19 Pandemic across Denmark, Norway, and Sweden,&#8221; underscoring that trust between central and local levels is a strategic asset.<\/p>\n<p>Suija-Markova also critically assessed the lack of national crisis drills, emphasizing: &#8220;Latvia hasn\u2019t had a national crisis drill since 2016. That\u2019s not acceptable. We need real-life simulations, involving real people and trying to solve real problems.&#8221;<\/p><\/div><div class='vc-content vc-paragraph' id=''><p>These two-day discussions and co-creative dialogues provided a valuable platform for knowledge exchange, and the meeting&#8217;s results will be used as input for the updated EUSBSR Action Plan. Inese Suija-Markova concluded her speech with a powerful message: &#8220;When that moment comes \u2013 and it will \u2013 people won\u2019t expect perfect execution. They will ask: who can lead? Who can be trusted? Who is ready? Let\u2019s make sure the answer is \u2013 we are.&#8221; These insights are vitally important for strengthening the capacity of the region and the entire European Union to face future challenges.<\/p><\/div><div class='vc-content vc-paragraph' id=''><p><\/p>\n<div dir=\"ltr\">\n<p>The Vidzeme Planning Region (VPR) is an active member of the Baltic Sea States Subregional Co-operation (BSSSC), serving as a member of its Board since 2019, and coordinating the Baltic Sea Region Innovation Transfer Working Group since January 2022. Such close cooperation ensures that the region&#8217;s experience and needs are considered within broader international contexts, fostering the development of common solutions to strengthen the Baltic Sea Region&#8217;s resilience and prosperity.<\/p>\n<\/div>\n<p><\/p><\/div>[\/vc_column][\/vc_row]<\/p>\n<\/div>","protected":false},"excerpt":{"rendered":"<p>In her speech, Inese Suija-Markova emphasized that crisis preparedness is not merely a technical matter but a profoundly human dimension that requires courage to make complex decisions under conditions of limited information. She noted: &#8220;But anyone who has lived through a real crisis knows \u2013 it&#8217;s not just a technical issue. The human factor is also present.&#8221;<\/p>\n","protected":false},"author":5,"featured_media":71540,"comment_status":"open","ping_status":"open","sticky":false,"template":"","format":"standard","meta":{"_acf_changed":false,"footnotes":""},"categories":[211],"tags":[],"class_list":["post-71539","post","type-post","status-publish","format-standard","has-post-thumbnail","hentry","category-institutional-news"],"acf":[],"yoast_head":"<!-- This site is optimized with the Yoast SEO plugin v25.6 - https:\/\/yoast.com\/wordpress\/plugins\/seo\/ -->\n<title>Vidzeme Planning Region Actively Engages in Baltic Sea Region Resilience and Crisis Preparedness Discussions in Visby - Vidzemes pl\u0101no\u0161anas re\u0123ions<\/title>\n<meta name=\"description\" content=\"In her speech, Inese Suija-Markova emphasized that crisis preparedness is not merely a technical matter but a profoundly human dimension that requires courage to make&hellip;\" \/>\n<meta name=\"robots\" content=\"index, follow, max-snippet:-1, max-image-preview:large, max-video-preview:-1\" \/>\n<link rel=\"canonical\" href=\"https:\/\/www.vidzeme.lv\/en\/vidzeme-planning-region-actively-engages-in-baltic-sea-region-resilience-and-crisis-preparedness-discussions-in-visby\/\" \/>\n<meta property=\"og:locale\" content=\"en_US\" \/>\n<meta property=\"og:type\" content=\"article\" \/>\n<meta property=\"og:title\" content=\"Vidzeme Planning Region Actively Engages in Baltic Sea Region Resilience and Crisis Preparedness Discussions in Visby - Vidzemes pl\u0101no\u0161anas re\u0123ions\" \/>\n<meta property=\"og:description\" content=\"In her speech, Inese Suija-Markova emphasized that crisis preparedness is not merely a technical matter but a profoundly human dimension that requires courage to make&hellip;\" \/>\n<meta property=\"og:url\" content=\"https:\/\/www.vidzeme.lv\/en\/vidzeme-planning-region-actively-engages-in-baltic-sea-region-resilience-and-crisis-preparedness-discussions-in-visby\/\" \/>\n<meta property=\"og:site_name\" content=\"Vidzemes pl\u0101no\u0161anas re\u0123ions\" \/>\n<meta property=\"article:published_time\" content=\"2025-07-06T09:20:49+00:00\" \/>\n<meta property=\"article:modified_time\" content=\"2025-07-06T09:36:51+00:00\" \/>\n<meta property=\"og:image\" content=\"https:\/\/www.vidzeme.lv\/wp-content\/uploads\/2025\/07\/17503444904801.jpg\" \/>\n\t<meta property=\"og:image:width\" content=\"800\" \/>\n\t<meta property=\"og:image:height\" content=\"600\" \/>\n\t<meta property=\"og:image:type\" content=\"image\/jpeg\" \/>\n<meta name=\"author\" content=\"Anita \u0100boli\u0146a\" \/>\n<meta name=\"twitter:card\" content=\"summary_large_image\" \/>\n<meta name=\"twitter:label1\" content=\"Written by\" \/>\n\t<meta name=\"twitter:data1\" content=\"Anita \u0100boli\u0146a\" \/>\n\t<meta name=\"twitter:label2\" content=\"Est. reading time\" \/>\n\t<meta name=\"twitter:data2\" content=\"3 minutes\" \/>\n<script type=\"application\/ld+json\" class=\"yoast-schema-graph\">{\"@context\":\"https:\/\/schema.org\",\"@graph\":[{\"@type\":\"Article\",\"@id\":\"https:\/\/www.vidzeme.lv\/en\/vidzeme-planning-region-actively-engages-in-baltic-sea-region-resilience-and-crisis-preparedness-discussions-in-visby\/#article\",\"isPartOf\":{\"@id\":\"https:\/\/www.vidzeme.lv\/en\/vidzeme-planning-region-actively-engages-in-baltic-sea-region-resilience-and-crisis-preparedness-discussions-in-visby\/\"},\"author\":{\"name\":\"Anita \u0100boli\u0146a\",\"@id\":\"https:\/\/www.vidzeme.lv\/en\/#\/schema\/person\/965d4e3fa6237832c3bb24322eadc00e\"},\"headline\":\"Vidzeme Planning Region Actively Engages in Baltic Sea Region Resilience and Crisis Preparedness Discussions in Visby\",\"datePublished\":\"2025-07-06T09:20:49+00:00\",\"dateModified\":\"2025-07-06T09:36:51+00:00\",\"mainEntityOfPage\":{\"@id\":\"https:\/\/www.vidzeme.lv\/en\/vidzeme-planning-region-actively-engages-in-baltic-sea-region-resilience-and-crisis-preparedness-discussions-in-visby\/\"},\"wordCount\":721,\"commentCount\":0,\"publisher\":{\"@id\":\"https:\/\/www.vidzeme.lv\/en\/#organization\"},\"image\":{\"@id\":\"https:\/\/www.vidzeme.lv\/en\/vidzeme-planning-region-actively-engages-in-baltic-sea-region-resilience-and-crisis-preparedness-discussions-in-visby\/#primaryimage\"},\"thumbnailUrl\":\"https:\/\/www.vidzeme.lv\/wp-content\/uploads\/2025\/07\/17503444904801.jpg\",\"articleSection\":[\"Institutional news\"],\"inLanguage\":\"en-US\",\"potentialAction\":[{\"@type\":\"CommentAction\",\"name\":\"Comment\",\"target\":[\"https:\/\/www.vidzeme.lv\/en\/vidzeme-planning-region-actively-engages-in-baltic-sea-region-resilience-and-crisis-preparedness-discussions-in-visby\/#respond\"]}]},{\"@type\":\"WebPage\",\"@id\":\"https:\/\/www.vidzeme.lv\/en\/vidzeme-planning-region-actively-engages-in-baltic-sea-region-resilience-and-crisis-preparedness-discussions-in-visby\/\",\"url\":\"https:\/\/www.vidzeme.lv\/en\/vidzeme-planning-region-actively-engages-in-baltic-sea-region-resilience-and-crisis-preparedness-discussions-in-visby\/\",\"name\":\"Vidzeme Planning Region Actively Engages in Baltic Sea Region Resilience and Crisis Preparedness Discussions in Visby - Vidzemes pl\u0101no\u0161anas re\u0123ions\",\"isPartOf\":{\"@id\":\"https:\/\/www.vidzeme.lv\/en\/#website\"},\"primaryImageOfPage\":{\"@id\":\"https:\/\/www.vidzeme.lv\/en\/vidzeme-planning-region-actively-engages-in-baltic-sea-region-resilience-and-crisis-preparedness-discussions-in-visby\/#primaryimage\"},\"image\":{\"@id\":\"https:\/\/www.vidzeme.lv\/en\/vidzeme-planning-region-actively-engages-in-baltic-sea-region-resilience-and-crisis-preparedness-discussions-in-visby\/#primaryimage\"},\"thumbnailUrl\":\"https:\/\/www.vidzeme.lv\/wp-content\/uploads\/2025\/07\/17503444904801.jpg\",\"datePublished\":\"2025-07-06T09:20:49+00:00\",\"dateModified\":\"2025-07-06T09:36:51+00:00\",\"description\":\"In her speech, Inese Suija-Markova emphasized that crisis preparedness is not merely a technical matter but a profoundly human dimension that requires courage to make&hellip;\",\"breadcrumb\":{\"@id\":\"https:\/\/www.vidzeme.lv\/en\/vidzeme-planning-region-actively-engages-in-baltic-sea-region-resilience-and-crisis-preparedness-discussions-in-visby\/#breadcrumb\"},\"inLanguage\":\"en-US\",\"potentialAction\":[{\"@type\":\"ReadAction\",\"target\":[\"https:\/\/www.vidzeme.lv\/en\/vidzeme-planning-region-actively-engages-in-baltic-sea-region-resilience-and-crisis-preparedness-discussions-in-visby\/\"]}]},{\"@type\":\"ImageObject\",\"inLanguage\":\"en-US\",\"@id\":\"https:\/\/www.vidzeme.lv\/en\/vidzeme-planning-region-actively-engages-in-baltic-sea-region-resilience-and-crisis-preparedness-discussions-in-visby\/#primaryimage\",\"url\":\"https:\/\/www.vidzeme.lv\/wp-content\/uploads\/2025\/07\/17503444904801.jpg\",\"contentUrl\":\"https:\/\/www.vidzeme.lv\/wp-content\/uploads\/2025\/07\/17503444904801.jpg\",\"width\":800,\"height\":600,\"caption\":\"Inese Suija-Markova participates in a discussion in Visby on Baltic Sea Region resilience and crisis preparedness.\"},{\"@type\":\"BreadcrumbList\",\"@id\":\"https:\/\/www.vidzeme.lv\/en\/vidzeme-planning-region-actively-engages-in-baltic-sea-region-resilience-and-crisis-preparedness-discussions-in-visby\/#breadcrumb\",\"itemListElement\":[{\"@type\":\"ListItem\",\"position\":1,\"name\":\"Home\",\"item\":\"https:\/\/www.vidzeme.lv\/en\/\"},{\"@type\":\"ListItem\",\"position\":2,\"name\":\"Vidzeme Planning Region Actively Engages in Baltic Sea Region Resilience and Crisis Preparedness Discussions in Visby\"}]},{\"@type\":\"WebSite\",\"@id\":\"https:\/\/www.vidzeme.lv\/en\/#website\",\"url\":\"https:\/\/www.vidzeme.lv\/en\/\",\"name\":\"Vidzeme\",\"description\":\"Vidzemes pl\u0101no\u0161anas re\u0123ions\",\"publisher\":{\"@id\":\"https:\/\/www.vidzeme.lv\/en\/#organization\"},\"potentialAction\":[{\"@type\":\"SearchAction\",\"target\":{\"@type\":\"EntryPoint\",\"urlTemplate\":\"https:\/\/www.vidzeme.lv\/en\/?s={search_term_string}\"},\"query-input\":{\"@type\":\"PropertyValueSpecification\",\"valueRequired\":true,\"valueName\":\"search_term_string\"}}],\"inLanguage\":\"en-US\"},{\"@type\":\"Organization\",\"@id\":\"https:\/\/www.vidzeme.lv\/en\/#organization\",\"name\":\"Vidzemes pl\u0101no\u0161anas re\u0123ions\",\"url\":\"https:\/\/www.vidzeme.lv\/en\/\",\"logo\":{\"@type\":\"ImageObject\",\"inLanguage\":\"en-US\",\"@id\":\"https:\/\/www.vidzeme.lv\/en\/#\/schema\/logo\/image\/\",\"url\":\"https:\/\/www.vidzeme.lv\/wp-content\/uploads\/2023\/05\/logo.png\",\"contentUrl\":\"https:\/\/www.vidzeme.lv\/wp-content\/uploads\/2023\/05\/logo.png\",\"width\":291,\"height\":186,\"caption\":\"Vidzemes pl\u0101no\u0161anas re\u0123ions\"},\"image\":{\"@id\":\"https:\/\/www.vidzeme.lv\/en\/#\/schema\/logo\/image\/\"}},{\"@type\":\"Person\",\"@id\":\"https:\/\/www.vidzeme.lv\/en\/#\/schema\/person\/965d4e3fa6237832c3bb24322eadc00e\",\"name\":\"Anita \u0100boli\u0146a\",\"image\":{\"@type\":\"ImageObject\",\"inLanguage\":\"en-US\",\"@id\":\"https:\/\/www.vidzeme.lv\/en\/#\/schema\/person\/image\/\",\"url\":\"https:\/\/secure.gravatar.com\/avatar\/65244aa29adcc52952638c399a099832?s=96&d=mm&r=g\",\"contentUrl\":\"https:\/\/secure.gravatar.com\/avatar\/65244aa29adcc52952638c399a099832?s=96&d=mm&r=g\",\"caption\":\"Anita \u0100boli\u0146a\"}}]}<\/script>\n<!-- \/ Yoast SEO plugin. -->","yoast_head_json":{"title":"Vidzeme Planning Region Actively Engages in Baltic Sea Region Resilience and Crisis Preparedness Discussions in Visby - Vidzemes pl\u0101no\u0161anas re\u0123ions","description":"In her speech, Inese Suija-Markova emphasized that crisis preparedness is not merely a technical matter but a profoundly human dimension that requires courage to make&hellip;","robots":{"index":"index","follow":"follow","max-snippet":"max-snippet:-1","max-image-preview":"max-image-preview:large","max-video-preview":"max-video-preview:-1"},"canonical":"https:\/\/www.vidzeme.lv\/en\/vidzeme-planning-region-actively-engages-in-baltic-sea-region-resilience-and-crisis-preparedness-discussions-in-visby\/","og_locale":"en_US","og_type":"article","og_title":"Vidzeme Planning Region Actively Engages in Baltic Sea Region Resilience and Crisis Preparedness Discussions in Visby - Vidzemes pl\u0101no\u0161anas re\u0123ions","og_description":"In her speech, Inese Suija-Markova emphasized that crisis preparedness is not merely a technical matter but a profoundly human dimension that requires courage to make&hellip;","og_url":"https:\/\/www.vidzeme.lv\/en\/vidzeme-planning-region-actively-engages-in-baltic-sea-region-resilience-and-crisis-preparedness-discussions-in-visby\/","og_site_name":"Vidzemes pl\u0101no\u0161anas re\u0123ions","article_published_time":"2025-07-06T09:20:49+00:00","article_modified_time":"2025-07-06T09:36:51+00:00","og_image":[{"width":800,"height":600,"url":"https:\/\/www.vidzeme.lv\/wp-content\/uploads\/2025\/07\/17503444904801.jpg","type":"image\/jpeg"}],"author":"Anita \u0100boli\u0146a","twitter_card":"summary_large_image","twitter_misc":{"Written by":"Anita \u0100boli\u0146a","Est. reading time":"3 minutes"},"schema":{"@context":"https:\/\/schema.org","@graph":[{"@type":"Article","@id":"https:\/\/www.vidzeme.lv\/en\/vidzeme-planning-region-actively-engages-in-baltic-sea-region-resilience-and-crisis-preparedness-discussions-in-visby\/#article","isPartOf":{"@id":"https:\/\/www.vidzeme.lv\/en\/vidzeme-planning-region-actively-engages-in-baltic-sea-region-resilience-and-crisis-preparedness-discussions-in-visby\/"},"author":{"name":"Anita \u0100boli\u0146a","@id":"https:\/\/www.vidzeme.lv\/en\/#\/schema\/person\/965d4e3fa6237832c3bb24322eadc00e"},"headline":"Vidzeme Planning Region Actively Engages in Baltic Sea Region Resilience and Crisis Preparedness Discussions in Visby","datePublished":"2025-07-06T09:20:49+00:00","dateModified":"2025-07-06T09:36:51+00:00","mainEntityOfPage":{"@id":"https:\/\/www.vidzeme.lv\/en\/vidzeme-planning-region-actively-engages-in-baltic-sea-region-resilience-and-crisis-preparedness-discussions-in-visby\/"},"wordCount":721,"commentCount":0,"publisher":{"@id":"https:\/\/www.vidzeme.lv\/en\/#organization"},"image":{"@id":"https:\/\/www.vidzeme.lv\/en\/vidzeme-planning-region-actively-engages-in-baltic-sea-region-resilience-and-crisis-preparedness-discussions-in-visby\/#primaryimage"},"thumbnailUrl":"https:\/\/www.vidzeme.lv\/wp-content\/uploads\/2025\/07\/17503444904801.jpg","articleSection":["Institutional news"],"inLanguage":"en-US","potentialAction":[{"@type":"CommentAction","name":"Comment","target":["https:\/\/www.vidzeme.lv\/en\/vidzeme-planning-region-actively-engages-in-baltic-sea-region-resilience-and-crisis-preparedness-discussions-in-visby\/#respond"]}]},{"@type":"WebPage","@id":"https:\/\/www.vidzeme.lv\/en\/vidzeme-planning-region-actively-engages-in-baltic-sea-region-resilience-and-crisis-preparedness-discussions-in-visby\/","url":"https:\/\/www.vidzeme.lv\/en\/vidzeme-planning-region-actively-engages-in-baltic-sea-region-resilience-and-crisis-preparedness-discussions-in-visby\/","name":"Vidzeme Planning Region Actively Engages in Baltic Sea Region Resilience and Crisis Preparedness Discussions in Visby - Vidzemes pl\u0101no\u0161anas re\u0123ions","isPartOf":{"@id":"https:\/\/www.vidzeme.lv\/en\/#website"},"primaryImageOfPage":{"@id":"https:\/\/www.vidzeme.lv\/en\/vidzeme-planning-region-actively-engages-in-baltic-sea-region-resilience-and-crisis-preparedness-discussions-in-visby\/#primaryimage"},"image":{"@id":"https:\/\/www.vidzeme.lv\/en\/vidzeme-planning-region-actively-engages-in-baltic-sea-region-resilience-and-crisis-preparedness-discussions-in-visby\/#primaryimage"},"thumbnailUrl":"https:\/\/www.vidzeme.lv\/wp-content\/uploads\/2025\/07\/17503444904801.jpg","datePublished":"2025-07-06T09:20:49+00:00","dateModified":"2025-07-06T09:36:51+00:00","description":"In her speech, Inese Suija-Markova emphasized that crisis preparedness is not merely a technical matter but a profoundly human dimension that requires courage to make&hellip;","breadcrumb":{"@id":"https:\/\/www.vidzeme.lv\/en\/vidzeme-planning-region-actively-engages-in-baltic-sea-region-resilience-and-crisis-preparedness-discussions-in-visby\/#breadcrumb"},"inLanguage":"en-US","potentialAction":[{"@type":"ReadAction","target":["https:\/\/www.vidzeme.lv\/en\/vidzeme-planning-region-actively-engages-in-baltic-sea-region-resilience-and-crisis-preparedness-discussions-in-visby\/"]}]},{"@type":"ImageObject","inLanguage":"en-US","@id":"https:\/\/www.vidzeme.lv\/en\/vidzeme-planning-region-actively-engages-in-baltic-sea-region-resilience-and-crisis-preparedness-discussions-in-visby\/#primaryimage","url":"https:\/\/www.vidzeme.lv\/wp-content\/uploads\/2025\/07\/17503444904801.jpg","contentUrl":"https:\/\/www.vidzeme.lv\/wp-content\/uploads\/2025\/07\/17503444904801.jpg","width":800,"height":600,"caption":"Inese Suija-Markova participates in a discussion in Visby on Baltic Sea Region resilience and crisis preparedness."},{"@type":"BreadcrumbList","@id":"https:\/\/www.vidzeme.lv\/en\/vidzeme-planning-region-actively-engages-in-baltic-sea-region-resilience-and-crisis-preparedness-discussions-in-visby\/#breadcrumb","itemListElement":[{"@type":"ListItem","position":1,"name":"Home","item":"https:\/\/www.vidzeme.lv\/en\/"},{"@type":"ListItem","position":2,"name":"Vidzeme Planning Region Actively Engages in Baltic Sea Region Resilience and Crisis Preparedness Discussions in Visby"}]},{"@type":"WebSite","@id":"https:\/\/www.vidzeme.lv\/en\/#website","url":"https:\/\/www.vidzeme.lv\/en\/","name":"Vidzeme","description":"Vidzemes pl\u0101no\u0161anas re\u0123ions","publisher":{"@id":"https:\/\/www.vidzeme.lv\/en\/#organization"},"potentialAction":[{"@type":"SearchAction","target":{"@type":"EntryPoint","urlTemplate":"https:\/\/www.vidzeme.lv\/en\/?s={search_term_string}"},"query-input":{"@type":"PropertyValueSpecification","valueRequired":true,"valueName":"search_term_string"}}],"inLanguage":"en-US"},{"@type":"Organization","@id":"https:\/\/www.vidzeme.lv\/en\/#organization","name":"Vidzemes pl\u0101no\u0161anas re\u0123ions","url":"https:\/\/www.vidzeme.lv\/en\/","logo":{"@type":"ImageObject","inLanguage":"en-US","@id":"https:\/\/www.vidzeme.lv\/en\/#\/schema\/logo\/image\/","url":"https:\/\/www.vidzeme.lv\/wp-content\/uploads\/2023\/05\/logo.png","contentUrl":"https:\/\/www.vidzeme.lv\/wp-content\/uploads\/2023\/05\/logo.png","width":291,"height":186,"caption":"Vidzemes pl\u0101no\u0161anas re\u0123ions"},"image":{"@id":"https:\/\/www.vidzeme.lv\/en\/#\/schema\/logo\/image\/"}},{"@type":"Person","@id":"https:\/\/www.vidzeme.lv\/en\/#\/schema\/person\/965d4e3fa6237832c3bb24322eadc00e","name":"Anita \u0100boli\u0146a","image":{"@type":"ImageObject","inLanguage":"en-US","@id":"https:\/\/www.vidzeme.lv\/en\/#\/schema\/person\/image\/","url":"https:\/\/secure.gravatar.com\/avatar\/65244aa29adcc52952638c399a099832?s=96&d=mm&r=g","contentUrl":"https:\/\/secure.gravatar.com\/avatar\/65244aa29adcc52952638c399a099832?s=96&d=mm&r=g","caption":"Anita \u0100boli\u0146a"}}]}},"_links":{"self":[{"href":"https:\/\/www.vidzeme.lv\/en\/wp-json\/wp\/v2\/posts\/71539","targetHints":{"allow":["GET"]}}],"collection":[{"href":"https:\/\/www.vidzeme.lv\/en\/wp-json\/wp\/v2\/posts"}],"about":[{"href":"https:\/\/www.vidzeme.lv\/en\/wp-json\/wp\/v2\/types\/post"}],"author":[{"embeddable":true,"href":"https:\/\/www.vidzeme.lv\/en\/wp-json\/wp\/v2\/users\/5"}],"replies":[{"embeddable":true,"href":"https:\/\/www.vidzeme.lv\/en\/wp-json\/wp\/v2\/comments?post=71539"}],"version-history":[{"count":2,"href":"https:\/\/www.vidzeme.lv\/en\/wp-json\/wp\/v2\/posts\/71539\/revisions"}],"predecessor-version":[{"id":71543,"href":"https:\/\/www.vidzeme.lv\/en\/wp-json\/wp\/v2\/posts\/71539\/revisions\/71543"}],"wp:featuredmedia":[{"embeddable":true,"href":"https:\/\/www.vidzeme.lv\/en\/wp-json\/wp\/v2\/media\/71540"}],"wp:attachment":[{"href":"https:\/\/www.vidzeme.lv\/en\/wp-json\/wp\/v2\/media?parent=71539"}],"wp:term":[{"taxonomy":"category","embeddable":true,"href":"https:\/\/www.vidzeme.lv\/en\/wp-json\/wp\/v2\/categories?post=71539"},{"taxonomy":"post_tag","embeddable":true,"href":"https:\/\/www.vidzeme.lv\/en\/wp-json\/wp\/v2\/tags?post=71539"}],"curies":[{"name":"wp","href":"https:\/\/api.w.org\/{rel}","templated":true}]}}