{"id":71589,"date":"2025-06-04T16:59:17","date_gmt":"2025-06-04T13:59:17","guid":{"rendered":"https:\/\/www.vidzeme.lv\/?p=71589"},"modified":"2025-07-08T11:01:55","modified_gmt":"2025-07-08T08:01:55","slug":"culture-unites-smiltene-receives-the-baltic-sea-region-cultural-pearls-2025-award","status":"publish","type":"post","link":"https:\/\/www.vidzeme.lv\/en\/culture-unites-smiltene-receives-the-baltic-sea-region-cultural-pearls-2025-award\/","title":{"rendered":"Culture Unites \u2013 Smiltene Receives the Baltic Sea Region Cultural Pearls 2025 Award"},"content":{"rendered":"<div class=\"wpb-content-wrapper\"><p>[vc_row][vc_column]<div class='vc-content vc-paragraph' id=''><p><\/p>\n<p data-start=\"197\" data-end=\"653\">On <strong data-start=\"200\" data-end=\"216\">June 1, 2025<\/strong>, the newly renovated <strong data-start=\"238\" data-end=\"266\">J\u0101\u0146ukalns open-air stage<\/strong> in Smiltene hosted the vibrant opening concert <strong data-start=\"314\" data-end=\"370\">\u201cCreate Together, Act Together, Celebrate Together!\u201d<\/strong>, along with the <strong data-start=\"387\" data-end=\"450\">Baltic Sea Region Cultural Pearls of 2025 awarding ceremony<\/strong>. The event brought together more than 700 young performers\u2014dancers and singers\u2014from Smiltene and Valkas municipalities, as well as local residents and guests from nearby towns and neighboring countries.<\/p>\n<p data-start=\"655\" data-end=\"1053\">During the official ceremony, <strong data-start=\"685\" data-end=\"712\">Felix Schartner Giertta<\/strong>, representative of the Council of the Baltic Sea States Secretariat and coordinator of the Interreg \u201cBSR Cultural Pearls\u201d project, welcomed the audience and presented the award to Smiltene. The honor was accepted by <strong data-start=\"929\" data-end=\"946\">Andris Lapi\u0146\u0161<\/strong>, Executive Director of Smiltene Municipality, and <strong data-start=\"997\" data-end=\"1014\">Evija Dzvinko<\/strong>, Director of Smiltene Cultural Centre.<\/p>\n<p data-start=\"1055\" data-end=\"1430\">Smiltene is one of <strong data-start=\"1074\" data-end=\"1107\">six cities and municipalities<\/strong> to receive the \u201cCultural Pearls\u201d title in 2025. Other awardees include Helsingborg (Sweden), Peipsi\u00e4\u00e4re (Estonia), Al\u016bksne Municipality (Latvia), P\u0142ock (Poland), and Kaskinen\u2013Kask\u00f6 (Finland). Each of these locations will implement year-long programs to foster community resilience through cultural and creative activities.<\/p>\n<p data-start=\"1432\" data-end=\"1805\">The <strong data-start=\"1436\" data-end=\"1461\">Cultural Pearls title<\/strong> was awarded to Smiltene for its comprehensive action plan aimed at strengthening community cohesion. A cornerstone of this effort was the <strong data-start=\"1600\" data-end=\"1647\">restoration of the J\u0101\u0146ukalns open-air stage<\/strong>\u2014an initiative led by local residents and community supporters\u2014transforming it into a public gathering space for celebrations and shared cultural experiences.<\/p>\n<p data-start=\"1807\" data-end=\"1852\">In his speech, Felix Schartner Giertta noted:<\/p>\n<p><\/p><\/div><div class='vc-highlighted-text' id=''><p>Smiltene\u2019s planned activities during the Cultural Pearls year include a wide variety of age and social groups. But most importantly, the city\u2019s resilience and cultural action plan is shaped by <strong data-start=\"2049\" data-end=\"2106\">ideas and initiatives from local residents themselves<\/strong>\u2014such as the revival of this beautiful open-air stage.<\/p><\/div><div class='vc-content vc-paragraph' id=''><p><\/p>\n<p data-start=\"2161\" data-end=\"2379\"><strong data-start=\"2161\" data-end=\"2184\">Guna Kalni\u0146a\u2011Priede<\/strong>, Head of the Vidzeme Planning Region Administration, also addressed the audience, emphasizing the value of international recognition for boosting the self-confidence and identity of small towns.<\/p>\n<p data-start=\"2381\" data-end=\"2823\">The ceremony was attended by representatives of the \u201cBSR Cultural Pearls\u201d initiative, including partners from the Ostrobothnia Regional Council (Finland), Loov Eesti (Estonia), the Danish Cultural Institute in Estonia, Latvia and Lithuania, the Northern Dimension Partnership on Culture Secretariat, and the ARS BALTICA cultural network. Fellow 2025 awardee <strong data-start=\"2739\" data-end=\"2766\">Peipsi\u00e4\u00e4re Municipality<\/strong> from Estonia was also present to celebrate the occasion.<\/p>\n<p data-start=\"2381\" data-end=\"2823\"><em>Photo: U\u0123is Br\u0101l\u0113ns \/ Smiltene Cultural Centre<\/em><\/p>\n<p><\/p><\/div>[\/vc_column][\/vc_row]<\/p>\n<\/div>","protected":false},"excerpt":{"rendered":"<p>On June 1, 2025, the newly renovated J\u0101\u0146ukalns open-air stage in Smiltene hosted the vibrant opening concert \u201cCreate Together, Act Together, Celebrate Together!\u201d, along with the Baltic Sea Region Cultural Pearls of 2025 awarding ceremony.<\/p>\n","protected":false},"author":12,"featured_media":70495,"comment_status":"open","ping_status":"open","sticky":false,"template":"","format":"standard","meta":{"_acf_changed":false,"footnotes":""},"categories":[205,212],"tags":[],"class_list":["post-71589","post","type-post","status-publish","format-standard","has-post-thumbnail","hentry","category-culture","category-public-participation","featured_category-news"],"acf":[],"yoast_head":"<!-- This site is optimized with the Yoast SEO plugin v25.6 - https:\/\/yoast.com\/wordpress\/plugins\/seo\/ -->\n<title>Culture Unites \u2013 Smiltene Receives the Baltic Sea Region Cultural Pearls 2025 Award - Vidzemes pl\u0101no\u0161anas re\u0123ions<\/title>\n<meta name=\"description\" content=\"On June 1, 2025, the newly renovated J\u0101\u0146ukalns open-air stage in Smiltene hosted the vibrant opening concert \u201cCreate Together, Act Together, Celebrate Together!\u201d, along with&hellip;\" \/>\n<meta name=\"robots\" content=\"index, follow, max-snippet:-1, max-image-preview:large, max-video-preview:-1\" \/>\n<link rel=\"canonical\" href=\"https:\/\/www.vidzeme.lv\/en\/culture-unites-smiltene-receives-the-baltic-sea-region-cultural-pearls-2025-award\/\" \/>\n<meta property=\"og:locale\" content=\"en_US\" \/>\n<meta property=\"og:type\" content=\"article\" \/>\n<meta property=\"og:title\" content=\"Culture Unites \u2013 Smiltene Receives the Baltic Sea Region Cultural Pearls 2025 Award - Vidzemes pl\u0101no\u0161anas re\u0123ions\" \/>\n<meta property=\"og:description\" content=\"On June 1, 2025, the newly renovated J\u0101\u0146ukalns open-air stage in Smiltene hosted the vibrant opening concert \u201cCreate Together, Act Together, Celebrate Together!\u201d, along with&hellip;\" \/>\n<meta property=\"og:url\" content=\"https:\/\/www.vidzeme.lv\/en\/culture-unites-smiltene-receives-the-baltic-sea-region-cultural-pearls-2025-award\/\" \/>\n<meta property=\"og:site_name\" content=\"Vidzemes pl\u0101no\u0161anas re\u0123ions\" \/>\n<meta property=\"article:published_time\" content=\"2025-06-04T13:59:17+00:00\" \/>\n<meta property=\"article:modified_time\" content=\"2025-07-08T08:01:55+00:00\" \/>\n<meta property=\"og:image\" content=\"https:\/\/www.vidzeme.lv\/wp-content\/uploads\/2025\/06\/Smiltene-gajiens-un-koncerts-01_06_2025_546-1024x683.jpg\" \/>\n\t<meta property=\"og:image:width\" content=\"1024\" \/>\n\t<meta property=\"og:image:height\" content=\"683\" \/>\n\t<meta property=\"og:image:type\" content=\"image\/jpeg\" \/>\n<meta name=\"author\" content=\"Zane Ka\u0137e\" \/>\n<meta name=\"twitter:card\" content=\"summary_large_image\" \/>\n<meta name=\"twitter:label1\" content=\"Written by\" \/>\n\t<meta name=\"twitter:data1\" content=\"Zane Ka\u0137e\" \/>\n\t<meta name=\"twitter:label2\" content=\"Est. reading time\" \/>\n\t<meta name=\"twitter:data2\" content=\"3 minutes\" \/>\n<script type=\"application\/ld+json\" class=\"yoast-schema-graph\">{\"@context\":\"https:\/\/schema.org\",\"@graph\":[{\"@type\":\"Article\",\"@id\":\"https:\/\/www.vidzeme.lv\/en\/culture-unites-smiltene-receives-the-baltic-sea-region-cultural-pearls-2025-award\/#article\",\"isPartOf\":{\"@id\":\"https:\/\/www.vidzeme.lv\/en\/culture-unites-smiltene-receives-the-baltic-sea-region-cultural-pearls-2025-award\/\"},\"author\":{\"name\":\"Zane Ka\u0137e\",\"@id\":\"https:\/\/www.vidzeme.lv\/en\/#\/schema\/person\/8b939fb4be397f604ed77c3cccfdcdb0\"},\"headline\":\"Culture Unites \u2013 Smiltene Receives the Baltic Sea Region Cultural Pearls 2025 Award\",\"datePublished\":\"2025-06-04T13:59:17+00:00\",\"dateModified\":\"2025-07-08T08:01:55+00:00\",\"mainEntityOfPage\":{\"@id\":\"https:\/\/www.vidzeme.lv\/en\/culture-unites-smiltene-receives-the-baltic-sea-region-cultural-pearls-2025-award\/\"},\"wordCount\":420,\"commentCount\":0,\"publisher\":{\"@id\":\"https:\/\/www.vidzeme.lv\/en\/#organization\"},\"image\":{\"@id\":\"https:\/\/www.vidzeme.lv\/en\/culture-unites-smiltene-receives-the-baltic-sea-region-cultural-pearls-2025-award\/#primaryimage\"},\"thumbnailUrl\":\"https:\/\/www.vidzeme.lv\/wp-content\/uploads\/2025\/06\/Smiltene-gajiens-un-koncerts-01_06_2025_546.jpg\",\"articleSection\":[\"Culture\",\"Public participation\"],\"inLanguage\":\"en-US\",\"potentialAction\":[{\"@type\":\"CommentAction\",\"name\":\"Comment\",\"target\":[\"https:\/\/www.vidzeme.lv\/en\/culture-unites-smiltene-receives-the-baltic-sea-region-cultural-pearls-2025-award\/#respond\"]}]},{\"@type\":\"WebPage\",\"@id\":\"https:\/\/www.vidzeme.lv\/en\/culture-unites-smiltene-receives-the-baltic-sea-region-cultural-pearls-2025-award\/\",\"url\":\"https:\/\/www.vidzeme.lv\/en\/culture-unites-smiltene-receives-the-baltic-sea-region-cultural-pearls-2025-award\/\",\"name\":\"Culture Unites \u2013 Smiltene Receives the Baltic Sea Region Cultural Pearls 2025 Award - Vidzemes pl\u0101no\u0161anas re\u0123ions\",\"isPartOf\":{\"@id\":\"https:\/\/www.vidzeme.lv\/en\/#website\"},\"primaryImageOfPage\":{\"@id\":\"https:\/\/www.vidzeme.lv\/en\/culture-unites-smiltene-receives-the-baltic-sea-region-cultural-pearls-2025-award\/#primaryimage\"},\"image\":{\"@id\":\"https:\/\/www.vidzeme.lv\/en\/culture-unites-smiltene-receives-the-baltic-sea-region-cultural-pearls-2025-award\/#primaryimage\"},\"thumbnailUrl\":\"https:\/\/www.vidzeme.lv\/wp-content\/uploads\/2025\/06\/Smiltene-gajiens-un-koncerts-01_06_2025_546.jpg\",\"datePublished\":\"2025-06-04T13:59:17+00:00\",\"dateModified\":\"2025-07-08T08:01:55+00:00\",\"description\":\"On June 1, 2025, the newly renovated J\u0101\u0146ukalns open-air stage in Smiltene hosted the vibrant opening concert \u201cCreate Together, Act Together, Celebrate Together!\u201d, along with&hellip;\",\"breadcrumb\":{\"@id\":\"https:\/\/www.vidzeme.lv\/en\/culture-unites-smiltene-receives-the-baltic-sea-region-cultural-pearls-2025-award\/#breadcrumb\"},\"inLanguage\":\"en-US\",\"potentialAction\":[{\"@type\":\"ReadAction\",\"target\":[\"https:\/\/www.vidzeme.lv\/en\/culture-unites-smiltene-receives-the-baltic-sea-region-cultural-pearls-2025-award\/\"]}]},{\"@type\":\"ImageObject\",\"inLanguage\":\"en-US\",\"@id\":\"https:\/\/www.vidzeme.lv\/en\/culture-unites-smiltene-receives-the-baltic-sea-region-cultural-pearls-2025-award\/#primaryimage\",\"url\":\"https:\/\/www.vidzeme.lv\/wp-content\/uploads\/2025\/06\/Smiltene-gajiens-un-koncerts-01_06_2025_546.jpg\",\"contentUrl\":\"https:\/\/www.vidzeme.lv\/wp-content\/uploads\/2025\/06\/Smiltene-gajiens-un-koncerts-01_06_2025_546.jpg\",\"width\":2500,\"height\":1667,\"caption\":\"J\u0101\u0146ukalna estr\u0101de. Foto: U\u0123is Br\u0101l\u0113ns \/\"},{\"@type\":\"BreadcrumbList\",\"@id\":\"https:\/\/www.vidzeme.lv\/en\/culture-unites-smiltene-receives-the-baltic-sea-region-cultural-pearls-2025-award\/#breadcrumb\",\"itemListElement\":[{\"@type\":\"ListItem\",\"position\":1,\"name\":\"Home\",\"item\":\"https:\/\/www.vidzeme.lv\/en\/\"},{\"@type\":\"ListItem\",\"position\":2,\"name\":\"Culture Unites \u2013 Smiltene Receives the Baltic Sea Region Cultural Pearls 2025 Award\"}]},{\"@type\":\"WebSite\",\"@id\":\"https:\/\/www.vidzeme.lv\/en\/#website\",\"url\":\"https:\/\/www.vidzeme.lv\/en\/\",\"name\":\"Vidzeme\",\"description\":\"Vidzemes pl\u0101no\u0161anas re\u0123ions\",\"publisher\":{\"@id\":\"https:\/\/www.vidzeme.lv\/en\/#organization\"},\"potentialAction\":[{\"@type\":\"SearchAction\",\"target\":{\"@type\":\"EntryPoint\",\"urlTemplate\":\"https:\/\/www.vidzeme.lv\/en\/?s={search_term_string}\"},\"query-input\":{\"@type\":\"PropertyValueSpecification\",\"valueRequired\":true,\"valueName\":\"search_term_string\"}}],\"inLanguage\":\"en-US\"},{\"@type\":\"Organization\",\"@id\":\"https:\/\/www.vidzeme.lv\/en\/#organization\",\"name\":\"Vidzemes pl\u0101no\u0161anas re\u0123ions\",\"url\":\"https:\/\/www.vidzeme.lv\/en\/\",\"logo\":{\"@type\":\"ImageObject\",\"inLanguage\":\"en-US\",\"@id\":\"https:\/\/www.vidzeme.lv\/en\/#\/schema\/logo\/image\/\",\"url\":\"https:\/\/www.vidzeme.lv\/wp-content\/uploads\/2023\/05\/logo.png\",\"contentUrl\":\"https:\/\/www.vidzeme.lv\/wp-content\/uploads\/2023\/05\/logo.png\",\"width\":291,\"height\":186,\"caption\":\"Vidzemes pl\u0101no\u0161anas re\u0123ions\"},\"image\":{\"@id\":\"https:\/\/www.vidzeme.lv\/en\/#\/schema\/logo\/image\/\"}},{\"@type\":\"Person\",\"@id\":\"https:\/\/www.vidzeme.lv\/en\/#\/schema\/person\/8b939fb4be397f604ed77c3cccfdcdb0\",\"name\":\"Zane Ka\u0137e\",\"image\":{\"@type\":\"ImageObject\",\"inLanguage\":\"en-US\",\"@id\":\"https:\/\/www.vidzeme.lv\/en\/#\/schema\/person\/image\/\",\"url\":\"https:\/\/secure.gravatar.com\/avatar\/f5afe380594e3bc198a491d0859b0e83?s=96&d=mm&r=g\",\"contentUrl\":\"https:\/\/secure.gravatar.com\/avatar\/f5afe380594e3bc198a491d0859b0e83?s=96&d=mm&r=g\",\"caption\":\"Zane Ka\u0137e\"}}]}<\/script>\n<!-- \/ Yoast SEO plugin. -->","yoast_head_json":{"title":"Culture Unites \u2013 Smiltene Receives the Baltic Sea Region Cultural Pearls 2025 Award - Vidzemes pl\u0101no\u0161anas re\u0123ions","description":"On June 1, 2025, the newly renovated J\u0101\u0146ukalns open-air stage in Smiltene hosted the vibrant opening concert \u201cCreate Together, Act Together, Celebrate Together!\u201d, along with&hellip;","robots":{"index":"index","follow":"follow","max-snippet":"max-snippet:-1","max-image-preview":"max-image-preview:large","max-video-preview":"max-video-preview:-1"},"canonical":"https:\/\/www.vidzeme.lv\/en\/culture-unites-smiltene-receives-the-baltic-sea-region-cultural-pearls-2025-award\/","og_locale":"en_US","og_type":"article","og_title":"Culture Unites \u2013 Smiltene Receives the Baltic Sea Region Cultural Pearls 2025 Award - Vidzemes pl\u0101no\u0161anas re\u0123ions","og_description":"On June 1, 2025, the newly renovated J\u0101\u0146ukalns open-air stage in Smiltene hosted the vibrant opening concert \u201cCreate Together, Act Together, Celebrate Together!\u201d, along with&hellip;","og_url":"https:\/\/www.vidzeme.lv\/en\/culture-unites-smiltene-receives-the-baltic-sea-region-cultural-pearls-2025-award\/","og_site_name":"Vidzemes pl\u0101no\u0161anas re\u0123ions","article_published_time":"2025-06-04T13:59:17+00:00","article_modified_time":"2025-07-08T08:01:55+00:00","og_image":[{"width":1024,"height":683,"url":"https:\/\/www.vidzeme.lv\/wp-content\/uploads\/2025\/06\/Smiltene-gajiens-un-koncerts-01_06_2025_546-1024x683.jpg","type":"image\/jpeg"}],"author":"Zane Ka\u0137e","twitter_card":"summary_large_image","twitter_misc":{"Written by":"Zane Ka\u0137e","Est. reading time":"3 minutes"},"schema":{"@context":"https:\/\/schema.org","@graph":[{"@type":"Article","@id":"https:\/\/www.vidzeme.lv\/en\/culture-unites-smiltene-receives-the-baltic-sea-region-cultural-pearls-2025-award\/#article","isPartOf":{"@id":"https:\/\/www.vidzeme.lv\/en\/culture-unites-smiltene-receives-the-baltic-sea-region-cultural-pearls-2025-award\/"},"author":{"name":"Zane Ka\u0137e","@id":"https:\/\/www.vidzeme.lv\/en\/#\/schema\/person\/8b939fb4be397f604ed77c3cccfdcdb0"},"headline":"Culture Unites \u2013 Smiltene Receives the Baltic Sea Region Cultural Pearls 2025 Award","datePublished":"2025-06-04T13:59:17+00:00","dateModified":"2025-07-08T08:01:55+00:00","mainEntityOfPage":{"@id":"https:\/\/www.vidzeme.lv\/en\/culture-unites-smiltene-receives-the-baltic-sea-region-cultural-pearls-2025-award\/"},"wordCount":420,"commentCount":0,"publisher":{"@id":"https:\/\/www.vidzeme.lv\/en\/#organization"},"image":{"@id":"https:\/\/www.vidzeme.lv\/en\/culture-unites-smiltene-receives-the-baltic-sea-region-cultural-pearls-2025-award\/#primaryimage"},"thumbnailUrl":"https:\/\/www.vidzeme.lv\/wp-content\/uploads\/2025\/06\/Smiltene-gajiens-un-koncerts-01_06_2025_546.jpg","articleSection":["Culture","Public participation"],"inLanguage":"en-US","potentialAction":[{"@type":"CommentAction","name":"Comment","target":["https:\/\/www.vidzeme.lv\/en\/culture-unites-smiltene-receives-the-baltic-sea-region-cultural-pearls-2025-award\/#respond"]}]},{"@type":"WebPage","@id":"https:\/\/www.vidzeme.lv\/en\/culture-unites-smiltene-receives-the-baltic-sea-region-cultural-pearls-2025-award\/","url":"https:\/\/www.vidzeme.lv\/en\/culture-unites-smiltene-receives-the-baltic-sea-region-cultural-pearls-2025-award\/","name":"Culture Unites \u2013 Smiltene Receives the Baltic Sea Region Cultural Pearls 2025 Award - Vidzemes pl\u0101no\u0161anas re\u0123ions","isPartOf":{"@id":"https:\/\/www.vidzeme.lv\/en\/#website"},"primaryImageOfPage":{"@id":"https:\/\/www.vidzeme.lv\/en\/culture-unites-smiltene-receives-the-baltic-sea-region-cultural-pearls-2025-award\/#primaryimage"},"image":{"@id":"https:\/\/www.vidzeme.lv\/en\/culture-unites-smiltene-receives-the-baltic-sea-region-cultural-pearls-2025-award\/#primaryimage"},"thumbnailUrl":"https:\/\/www.vidzeme.lv\/wp-content\/uploads\/2025\/06\/Smiltene-gajiens-un-koncerts-01_06_2025_546.jpg","datePublished":"2025-06-04T13:59:17+00:00","dateModified":"2025-07-08T08:01:55+00:00","description":"On June 1, 2025, the newly renovated J\u0101\u0146ukalns open-air stage in Smiltene hosted the vibrant opening concert \u201cCreate Together, Act Together, Celebrate Together!\u201d, along with&hellip;","breadcrumb":{"@id":"https:\/\/www.vidzeme.lv\/en\/culture-unites-smiltene-receives-the-baltic-sea-region-cultural-pearls-2025-award\/#breadcrumb"},"inLanguage":"en-US","potentialAction":[{"@type":"ReadAction","target":["https:\/\/www.vidzeme.lv\/en\/culture-unites-smiltene-receives-the-baltic-sea-region-cultural-pearls-2025-award\/"]}]},{"@type":"ImageObject","inLanguage":"en-US","@id":"https:\/\/www.vidzeme.lv\/en\/culture-unites-smiltene-receives-the-baltic-sea-region-cultural-pearls-2025-award\/#primaryimage","url":"https:\/\/www.vidzeme.lv\/wp-content\/uploads\/2025\/06\/Smiltene-gajiens-un-koncerts-01_06_2025_546.jpg","contentUrl":"https:\/\/www.vidzeme.lv\/wp-content\/uploads\/2025\/06\/Smiltene-gajiens-un-koncerts-01_06_2025_546.jpg","width":2500,"height":1667,"caption":"J\u0101\u0146ukalna estr\u0101de. Foto: U\u0123is Br\u0101l\u0113ns \/"},{"@type":"BreadcrumbList","@id":"https:\/\/www.vidzeme.lv\/en\/culture-unites-smiltene-receives-the-baltic-sea-region-cultural-pearls-2025-award\/#breadcrumb","itemListElement":[{"@type":"ListItem","position":1,"name":"Home","item":"https:\/\/www.vidzeme.lv\/en\/"},{"@type":"ListItem","position":2,"name":"Culture Unites \u2013 Smiltene Receives the Baltic Sea Region Cultural Pearls 2025 Award"}]},{"@type":"WebSite","@id":"https:\/\/www.vidzeme.lv\/en\/#website","url":"https:\/\/www.vidzeme.lv\/en\/","name":"Vidzeme","description":"Vidzemes pl\u0101no\u0161anas re\u0123ions","publisher":{"@id":"https:\/\/www.vidzeme.lv\/en\/#organization"},"potentialAction":[{"@type":"SearchAction","target":{"@type":"EntryPoint","urlTemplate":"https:\/\/www.vidzeme.lv\/en\/?s={search_term_string}"},"query-input":{"@type":"PropertyValueSpecification","valueRequired":true,"valueName":"search_term_string"}}],"inLanguage":"en-US"},{"@type":"Organization","@id":"https:\/\/www.vidzeme.lv\/en\/#organization","name":"Vidzemes pl\u0101no\u0161anas re\u0123ions","url":"https:\/\/www.vidzeme.lv\/en\/","logo":{"@type":"ImageObject","inLanguage":"en-US","@id":"https:\/\/www.vidzeme.lv\/en\/#\/schema\/logo\/image\/","url":"https:\/\/www.vidzeme.lv\/wp-content\/uploads\/2023\/05\/logo.png","contentUrl":"https:\/\/www.vidzeme.lv\/wp-content\/uploads\/2023\/05\/logo.png","width":291,"height":186,"caption":"Vidzemes pl\u0101no\u0161anas re\u0123ions"},"image":{"@id":"https:\/\/www.vidzeme.lv\/en\/#\/schema\/logo\/image\/"}},{"@type":"Person","@id":"https:\/\/www.vidzeme.lv\/en\/#\/schema\/person\/8b939fb4be397f604ed77c3cccfdcdb0","name":"Zane Ka\u0137e","image":{"@type":"ImageObject","inLanguage":"en-US","@id":"https:\/\/www.vidzeme.lv\/en\/#\/schema\/person\/image\/","url":"https:\/\/secure.gravatar.com\/avatar\/f5afe380594e3bc198a491d0859b0e83?s=96&d=mm&r=g","contentUrl":"https:\/\/secure.gravatar.com\/avatar\/f5afe380594e3bc198a491d0859b0e83?s=96&d=mm&r=g","caption":"Zane Ka\u0137e"}}]}},"_links":{"self":[{"href":"https:\/\/www.vidzeme.lv\/en\/wp-json\/wp\/v2\/posts\/71589","targetHints":{"allow":["GET"]}}],"collection":[{"href":"https:\/\/www.vidzeme.lv\/en\/wp-json\/wp\/v2\/posts"}],"about":[{"href":"https:\/\/www.vidzeme.lv\/en\/wp-json\/wp\/v2\/types\/post"}],"author":[{"embeddable":true,"href":"https:\/\/www.vidzeme.lv\/en\/wp-json\/wp\/v2\/users\/12"}],"replies":[{"embeddable":true,"href":"https:\/\/www.vidzeme.lv\/en\/wp-json\/wp\/v2\/comments?post=71589"}],"version-history":[{"count":3,"href":"https:\/\/www.vidzeme.lv\/en\/wp-json\/wp\/v2\/posts\/71589\/revisions"}],"predecessor-version":[{"id":71592,"href":"https:\/\/www.vidzeme.lv\/en\/wp-json\/wp\/v2\/posts\/71589\/revisions\/71592"}],"wp:featuredmedia":[{"embeddable":true,"href":"https:\/\/www.vidzeme.lv\/en\/wp-json\/wp\/v2\/media\/70495"}],"wp:attachment":[{"href":"https:\/\/www.vidzeme.lv\/en\/wp-json\/wp\/v2\/media?parent=71589"}],"wp:term":[{"taxonomy":"category","embeddable":true,"href":"https:\/\/www.vidzeme.lv\/en\/wp-json\/wp\/v2\/categories?post=71589"},{"taxonomy":"post_tag","embeddable":true,"href":"https:\/\/www.vidzeme.lv\/en\/wp-json\/wp\/v2\/tags?post=71589"}],"curies":[{"name":"wp","href":"https:\/\/api.w.org\/{rel}","templated":true}]}}