{"id":71604,"date":"2024-05-28T12:14:55","date_gmt":"2024-05-28T09:14:55","guid":{"rendered":"https:\/\/www.vidzeme.lv\/?p=71604"},"modified":"2025-07-08T11:33:48","modified_gmt":"2025-07-08T08:33:48","slug":"rujiena-receives-a-special-award-for-the-title-baltic-sea-region-cultural-pearl-2024","status":"publish","type":"post","link":"https:\/\/www.vidzeme.lv\/en\/rujiena-receives-a-special-award-for-the-title-baltic-sea-region-cultural-pearl-2024\/","title":{"rendered":"R\u016bjiena Receives a Special Award for the Title \u201cBaltic Sea Region Cultural Pearl 2024\u201d"},"content":{"rendered":"<div class=\"wpb-content-wrapper\"><p>[vc_row][vc_column]<div class='vc-content vc-paragraph' id=''><p><\/p>\n<p data-start=\"139\" data-end=\"215\">On <strong data-start=\"3\" data-end=\"19\">May 25, 2024<\/strong>, during a vibrant community celebration featuring the <strong data-start=\"74\" data-end=\"96\">Ice Cream Festival<\/strong> and R\u016bjiena\u2019s Name Day festivities, the town was honored with the <strong data-start=\"163\" data-end=\"190\">BSR Cultural Pearl 2024<\/strong> title. The award was presented by <strong data-start=\"225\" data-end=\"249\">Dr.\u202fKazimierz Musia\u0142<\/strong>, representing the Council of Baltic Sea States (CBSS)\u2014the project lead partner of the Interreg Baltic Sea Region initiative \u201cCultural Pearls of the Baltic Sea Region for more sustainable cities and regions\u201d.<\/p>\n<p data-start=\"217\" data-end=\"293\">The award ceremony took place in the presence of local residents and guests from far and wide. Speeches of thanks were delivered by <strong data-start=\"132\" data-end=\"147\">J\u0101nis Baiks<\/strong>, Chair of the Valmiera County Council; <strong data-start=\"187\" data-end=\"201\">Ivo Virsis<\/strong>, Head of the R\u016bjiena Association administration; and <strong data-start=\"255\" data-end=\"278\">Guna Kalni\u0146a\u2011Priede<\/strong>, Head of Vidzeme Planning Region administration and a project partner.<\/p>\n<p data-start=\"217\" data-end=\"293\">Dr.\u202fMusia\u0142 remarked:<\/p>\n<p><\/p><\/div><div class='vc-highlighted-text' id=''><p>\u201cThe Cultural Pearl title is a great opportunity to highlight R\u016bjiena\u2014its uniqueness\u2014not only on a regional but also on a national and European level. It supports efforts to bring citizens of different ages and interests together through cultural events. Already, much has been done in the town: a community meeting space has been created at R\u012bgas Street\u202f8, various events have already taken place there, and a series of diverse events is planned through the end of this year. We look forward to seeing R\u016bjiena\u2019s continued development.\u201d<\/p><\/div><div class='vc-content vc-paragraph' id=''><p>This special recognition celebrates R\u016bjiena\u2019s outstanding Culture and Resilience Action Plan, as the town embarks on an intensive, year-long programme of cultural events and community initiatives designed to build stronger social cohesion and resilience.<\/p><\/div>[\/vc_column][\/vc_row]<\/p>\n<\/div>","protected":false},"excerpt":{"rendered":"<p>On May 25, 2024, during a vibrant community celebration featuring the Ice Cream Festival and R\u016bjiena\u2019s Name Day festivities, the town was honored with the BSR Cultural Pearl 2024 title.<\/p>\n","protected":false},"author":12,"featured_media":58362,"comment_status":"open","ping_status":"open","sticky":false,"template":"","format":"standard","meta":{"_acf_changed":false,"footnotes":""},"categories":[212,205],"tags":[],"class_list":["post-71604","post","type-post","status-publish","format-standard","has-post-thumbnail","hentry","category-public-participation","category-culture","featured_category-news"],"acf":[],"yoast_head":"<!-- This site is optimized with the Yoast SEO plugin v25.6 - https:\/\/yoast.com\/wordpress\/plugins\/seo\/ -->\n<title>R\u016bjiena Receives a Special Award for the Title \u201cBaltic Sea Region Cultural Pearl 2024\u201d - Vidzemes pl\u0101no\u0161anas re\u0123ions<\/title>\n<meta name=\"description\" content=\"On May 25, 2024, during a vibrant community celebration featuring the Ice Cream Festival and R\u016bjiena\u2019s Name Day festivities, the town was honored with the&hellip;\" \/>\n<meta name=\"robots\" content=\"index, follow, max-snippet:-1, max-image-preview:large, max-video-preview:-1\" \/>\n<link rel=\"canonical\" href=\"https:\/\/www.vidzeme.lv\/en\/rujiena-receives-a-special-award-for-the-title-baltic-sea-region-cultural-pearl-2024\/\" \/>\n<meta property=\"og:locale\" content=\"en_US\" \/>\n<meta property=\"og:type\" content=\"article\" \/>\n<meta property=\"og:title\" content=\"R\u016bjiena Receives a Special Award for the Title \u201cBaltic Sea Region Cultural Pearl 2024\u201d - Vidzemes pl\u0101no\u0161anas re\u0123ions\" \/>\n<meta property=\"og:description\" content=\"On May 25, 2024, during a vibrant community celebration featuring the Ice Cream Festival and R\u016bjiena\u2019s Name Day festivities, the town was honored with the&hellip;\" \/>\n<meta property=\"og:url\" content=\"https:\/\/www.vidzeme.lv\/en\/rujiena-receives-a-special-award-for-the-title-baltic-sea-region-cultural-pearl-2024\/\" \/>\n<meta property=\"og:site_name\" content=\"Vidzemes pl\u0101no\u0161anas re\u0123ions\" \/>\n<meta property=\"article:published_time\" content=\"2024-05-28T09:14:55+00:00\" \/>\n<meta property=\"article:modified_time\" content=\"2025-07-08T08:33:48+00:00\" \/>\n<meta property=\"og:image\" content=\"https:\/\/www.vidzeme.lv\/wp-content\/uploads\/2024\/10\/Sandijs-Leicis-Rujiena-2505240044.jpg\" \/>\n\t<meta property=\"og:image:width\" content=\"2000\" \/>\n\t<meta property=\"og:image:height\" content=\"1333\" \/>\n\t<meta property=\"og:image:type\" content=\"image\/jpeg\" \/>\n<meta name=\"author\" content=\"Zane Ka\u0137e\" \/>\n<meta name=\"twitter:card\" content=\"summary_large_image\" \/>\n<meta name=\"twitter:label1\" content=\"Written by\" \/>\n\t<meta name=\"twitter:data1\" content=\"Zane Ka\u0137e\" \/>\n\t<meta name=\"twitter:label2\" content=\"Est. reading time\" \/>\n\t<meta name=\"twitter:data2\" content=\"2 minutes\" \/>\n<script type=\"application\/ld+json\" class=\"yoast-schema-graph\">{\"@context\":\"https:\/\/schema.org\",\"@graph\":[{\"@type\":\"Article\",\"@id\":\"https:\/\/www.vidzeme.lv\/en\/rujiena-receives-a-special-award-for-the-title-baltic-sea-region-cultural-pearl-2024\/#article\",\"isPartOf\":{\"@id\":\"https:\/\/www.vidzeme.lv\/en\/rujiena-receives-a-special-award-for-the-title-baltic-sea-region-cultural-pearl-2024\/\"},\"author\":{\"name\":\"Zane Ka\u0137e\",\"@id\":\"https:\/\/www.vidzeme.lv\/en\/#\/schema\/person\/8b939fb4be397f604ed77c3cccfdcdb0\"},\"headline\":\"R\u016bjiena Receives a Special Award for the Title \u201cBaltic Sea Region Cultural Pearl 2024\u201d\",\"datePublished\":\"2024-05-28T09:14:55+00:00\",\"dateModified\":\"2025-07-08T08:33:48+00:00\",\"mainEntityOfPage\":{\"@id\":\"https:\/\/www.vidzeme.lv\/en\/rujiena-receives-a-special-award-for-the-title-baltic-sea-region-cultural-pearl-2024\/\"},\"wordCount\":304,\"commentCount\":0,\"publisher\":{\"@id\":\"https:\/\/www.vidzeme.lv\/en\/#organization\"},\"image\":{\"@id\":\"https:\/\/www.vidzeme.lv\/en\/rujiena-receives-a-special-award-for-the-title-baltic-sea-region-cultural-pearl-2024\/#primaryimage\"},\"thumbnailUrl\":\"https:\/\/www.vidzeme.lv\/wp-content\/uploads\/2024\/10\/Sandijs-Leicis-Rujiena-2505240044.jpg\",\"articleSection\":[\"Public participation\",\"Culture\"],\"inLanguage\":\"en-US\",\"potentialAction\":[{\"@type\":\"CommentAction\",\"name\":\"Comment\",\"target\":[\"https:\/\/www.vidzeme.lv\/en\/rujiena-receives-a-special-award-for-the-title-baltic-sea-region-cultural-pearl-2024\/#respond\"]}]},{\"@type\":\"WebPage\",\"@id\":\"https:\/\/www.vidzeme.lv\/en\/rujiena-receives-a-special-award-for-the-title-baltic-sea-region-cultural-pearl-2024\/\",\"url\":\"https:\/\/www.vidzeme.lv\/en\/rujiena-receives-a-special-award-for-the-title-baltic-sea-region-cultural-pearl-2024\/\",\"name\":\"R\u016bjiena Receives a Special Award for the Title \u201cBaltic Sea Region Cultural Pearl 2024\u201d - Vidzemes pl\u0101no\u0161anas re\u0123ions\",\"isPartOf\":{\"@id\":\"https:\/\/www.vidzeme.lv\/en\/#website\"},\"primaryImageOfPage\":{\"@id\":\"https:\/\/www.vidzeme.lv\/en\/rujiena-receives-a-special-award-for-the-title-baltic-sea-region-cultural-pearl-2024\/#primaryimage\"},\"image\":{\"@id\":\"https:\/\/www.vidzeme.lv\/en\/rujiena-receives-a-special-award-for-the-title-baltic-sea-region-cultural-pearl-2024\/#primaryimage\"},\"thumbnailUrl\":\"https:\/\/www.vidzeme.lv\/wp-content\/uploads\/2024\/10\/Sandijs-Leicis-Rujiena-2505240044.jpg\",\"datePublished\":\"2024-05-28T09:14:55+00:00\",\"dateModified\":\"2025-07-08T08:33:48+00:00\",\"description\":\"On May 25, 2024, during a vibrant community celebration featuring the Ice Cream Festival and R\u016bjiena\u2019s Name Day festivities, the town was honored with the&hellip;\",\"breadcrumb\":{\"@id\":\"https:\/\/www.vidzeme.lv\/en\/rujiena-receives-a-special-award-for-the-title-baltic-sea-region-cultural-pearl-2024\/#breadcrumb\"},\"inLanguage\":\"en-US\",\"potentialAction\":[{\"@type\":\"ReadAction\",\"target\":[\"https:\/\/www.vidzeme.lv\/en\/rujiena-receives-a-special-award-for-the-title-baltic-sea-region-cultural-pearl-2024\/\"]}]},{\"@type\":\"ImageObject\",\"inLanguage\":\"en-US\",\"@id\":\"https:\/\/www.vidzeme.lv\/en\/rujiena-receives-a-special-award-for-the-title-baltic-sea-region-cultural-pearl-2024\/#primaryimage\",\"url\":\"https:\/\/www.vidzeme.lv\/wp-content\/uploads\/2024\/10\/Sandijs-Leicis-Rujiena-2505240044.jpg\",\"contentUrl\":\"https:\/\/www.vidzeme.lv\/wp-content\/uploads\/2024\/10\/Sandijs-Leicis-Rujiena-2505240044.jpg\",\"width\":2000,\"height\":1333,\"caption\":\"land surveying safety monitoring and 5g network exploring the potential of drone operations\"},{\"@type\":\"BreadcrumbList\",\"@id\":\"https:\/\/www.vidzeme.lv\/en\/rujiena-receives-a-special-award-for-the-title-baltic-sea-region-cultural-pearl-2024\/#breadcrumb\",\"itemListElement\":[{\"@type\":\"ListItem\",\"position\":1,\"name\":\"Home\",\"item\":\"https:\/\/www.vidzeme.lv\/en\/\"},{\"@type\":\"ListItem\",\"position\":2,\"name\":\"R\u016bjiena Receives a Special Award for the Title \u201cBaltic Sea Region Cultural Pearl 2024\u201d\"}]},{\"@type\":\"WebSite\",\"@id\":\"https:\/\/www.vidzeme.lv\/en\/#website\",\"url\":\"https:\/\/www.vidzeme.lv\/en\/\",\"name\":\"Vidzeme\",\"description\":\"Vidzemes pl\u0101no\u0161anas re\u0123ions\",\"publisher\":{\"@id\":\"https:\/\/www.vidzeme.lv\/en\/#organization\"},\"potentialAction\":[{\"@type\":\"SearchAction\",\"target\":{\"@type\":\"EntryPoint\",\"urlTemplate\":\"https:\/\/www.vidzeme.lv\/en\/?s={search_term_string}\"},\"query-input\":{\"@type\":\"PropertyValueSpecification\",\"valueRequired\":true,\"valueName\":\"search_term_string\"}}],\"inLanguage\":\"en-US\"},{\"@type\":\"Organization\",\"@id\":\"https:\/\/www.vidzeme.lv\/en\/#organization\",\"name\":\"Vidzemes pl\u0101no\u0161anas re\u0123ions\",\"url\":\"https:\/\/www.vidzeme.lv\/en\/\",\"logo\":{\"@type\":\"ImageObject\",\"inLanguage\":\"en-US\",\"@id\":\"https:\/\/www.vidzeme.lv\/en\/#\/schema\/logo\/image\/\",\"url\":\"https:\/\/www.vidzeme.lv\/wp-content\/uploads\/2023\/05\/logo.png\",\"contentUrl\":\"https:\/\/www.vidzeme.lv\/wp-content\/uploads\/2023\/05\/logo.png\",\"width\":291,\"height\":186,\"caption\":\"Vidzemes pl\u0101no\u0161anas re\u0123ions\"},\"image\":{\"@id\":\"https:\/\/www.vidzeme.lv\/en\/#\/schema\/logo\/image\/\"}},{\"@type\":\"Person\",\"@id\":\"https:\/\/www.vidzeme.lv\/en\/#\/schema\/person\/8b939fb4be397f604ed77c3cccfdcdb0\",\"name\":\"Zane Ka\u0137e\",\"image\":{\"@type\":\"ImageObject\",\"inLanguage\":\"en-US\",\"@id\":\"https:\/\/www.vidzeme.lv\/en\/#\/schema\/person\/image\/\",\"url\":\"https:\/\/secure.gravatar.com\/avatar\/f5afe380594e3bc198a491d0859b0e83?s=96&d=mm&r=g\",\"contentUrl\":\"https:\/\/secure.gravatar.com\/avatar\/f5afe380594e3bc198a491d0859b0e83?s=96&d=mm&r=g\",\"caption\":\"Zane Ka\u0137e\"}}]}<\/script>\n<!-- \/ Yoast SEO plugin. -->","yoast_head_json":{"title":"R\u016bjiena Receives a Special Award for the Title \u201cBaltic Sea Region Cultural Pearl 2024\u201d - Vidzemes pl\u0101no\u0161anas re\u0123ions","description":"On May 25, 2024, during a vibrant community celebration featuring the Ice Cream Festival and R\u016bjiena\u2019s Name Day festivities, the town was honored with the&hellip;","robots":{"index":"index","follow":"follow","max-snippet":"max-snippet:-1","max-image-preview":"max-image-preview:large","max-video-preview":"max-video-preview:-1"},"canonical":"https:\/\/www.vidzeme.lv\/en\/rujiena-receives-a-special-award-for-the-title-baltic-sea-region-cultural-pearl-2024\/","og_locale":"en_US","og_type":"article","og_title":"R\u016bjiena Receives a Special Award for the Title \u201cBaltic Sea Region Cultural Pearl 2024\u201d - Vidzemes pl\u0101no\u0161anas re\u0123ions","og_description":"On May 25, 2024, during a vibrant community celebration featuring the Ice Cream Festival and R\u016bjiena\u2019s Name Day festivities, the town was honored with the&hellip;","og_url":"https:\/\/www.vidzeme.lv\/en\/rujiena-receives-a-special-award-for-the-title-baltic-sea-region-cultural-pearl-2024\/","og_site_name":"Vidzemes pl\u0101no\u0161anas re\u0123ions","article_published_time":"2024-05-28T09:14:55+00:00","article_modified_time":"2025-07-08T08:33:48+00:00","og_image":[{"width":2000,"height":1333,"url":"https:\/\/www.vidzeme.lv\/wp-content\/uploads\/2024\/10\/Sandijs-Leicis-Rujiena-2505240044.jpg","type":"image\/jpeg"}],"author":"Zane Ka\u0137e","twitter_card":"summary_large_image","twitter_misc":{"Written by":"Zane Ka\u0137e","Est. reading time":"2 minutes"},"schema":{"@context":"https:\/\/schema.org","@graph":[{"@type":"Article","@id":"https:\/\/www.vidzeme.lv\/en\/rujiena-receives-a-special-award-for-the-title-baltic-sea-region-cultural-pearl-2024\/#article","isPartOf":{"@id":"https:\/\/www.vidzeme.lv\/en\/rujiena-receives-a-special-award-for-the-title-baltic-sea-region-cultural-pearl-2024\/"},"author":{"name":"Zane Ka\u0137e","@id":"https:\/\/www.vidzeme.lv\/en\/#\/schema\/person\/8b939fb4be397f604ed77c3cccfdcdb0"},"headline":"R\u016bjiena Receives a Special Award for the Title \u201cBaltic Sea Region Cultural Pearl 2024\u201d","datePublished":"2024-05-28T09:14:55+00:00","dateModified":"2025-07-08T08:33:48+00:00","mainEntityOfPage":{"@id":"https:\/\/www.vidzeme.lv\/en\/rujiena-receives-a-special-award-for-the-title-baltic-sea-region-cultural-pearl-2024\/"},"wordCount":304,"commentCount":0,"publisher":{"@id":"https:\/\/www.vidzeme.lv\/en\/#organization"},"image":{"@id":"https:\/\/www.vidzeme.lv\/en\/rujiena-receives-a-special-award-for-the-title-baltic-sea-region-cultural-pearl-2024\/#primaryimage"},"thumbnailUrl":"https:\/\/www.vidzeme.lv\/wp-content\/uploads\/2024\/10\/Sandijs-Leicis-Rujiena-2505240044.jpg","articleSection":["Public participation","Culture"],"inLanguage":"en-US","potentialAction":[{"@type":"CommentAction","name":"Comment","target":["https:\/\/www.vidzeme.lv\/en\/rujiena-receives-a-special-award-for-the-title-baltic-sea-region-cultural-pearl-2024\/#respond"]}]},{"@type":"WebPage","@id":"https:\/\/www.vidzeme.lv\/en\/rujiena-receives-a-special-award-for-the-title-baltic-sea-region-cultural-pearl-2024\/","url":"https:\/\/www.vidzeme.lv\/en\/rujiena-receives-a-special-award-for-the-title-baltic-sea-region-cultural-pearl-2024\/","name":"R\u016bjiena Receives a Special Award for the Title \u201cBaltic Sea Region Cultural Pearl 2024\u201d - Vidzemes pl\u0101no\u0161anas re\u0123ions","isPartOf":{"@id":"https:\/\/www.vidzeme.lv\/en\/#website"},"primaryImageOfPage":{"@id":"https:\/\/www.vidzeme.lv\/en\/rujiena-receives-a-special-award-for-the-title-baltic-sea-region-cultural-pearl-2024\/#primaryimage"},"image":{"@id":"https:\/\/www.vidzeme.lv\/en\/rujiena-receives-a-special-award-for-the-title-baltic-sea-region-cultural-pearl-2024\/#primaryimage"},"thumbnailUrl":"https:\/\/www.vidzeme.lv\/wp-content\/uploads\/2024\/10\/Sandijs-Leicis-Rujiena-2505240044.jpg","datePublished":"2024-05-28T09:14:55+00:00","dateModified":"2025-07-08T08:33:48+00:00","description":"On May 25, 2024, during a vibrant community celebration featuring the Ice Cream Festival and R\u016bjiena\u2019s Name Day festivities, the town was honored with the&hellip;","breadcrumb":{"@id":"https:\/\/www.vidzeme.lv\/en\/rujiena-receives-a-special-award-for-the-title-baltic-sea-region-cultural-pearl-2024\/#breadcrumb"},"inLanguage":"en-US","potentialAction":[{"@type":"ReadAction","target":["https:\/\/www.vidzeme.lv\/en\/rujiena-receives-a-special-award-for-the-title-baltic-sea-region-cultural-pearl-2024\/"]}]},{"@type":"ImageObject","inLanguage":"en-US","@id":"https:\/\/www.vidzeme.lv\/en\/rujiena-receives-a-special-award-for-the-title-baltic-sea-region-cultural-pearl-2024\/#primaryimage","url":"https:\/\/www.vidzeme.lv\/wp-content\/uploads\/2024\/10\/Sandijs-Leicis-Rujiena-2505240044.jpg","contentUrl":"https:\/\/www.vidzeme.lv\/wp-content\/uploads\/2024\/10\/Sandijs-Leicis-Rujiena-2505240044.jpg","width":2000,"height":1333,"caption":"land surveying safety monitoring and 5g network exploring the potential of drone operations"},{"@type":"BreadcrumbList","@id":"https:\/\/www.vidzeme.lv\/en\/rujiena-receives-a-special-award-for-the-title-baltic-sea-region-cultural-pearl-2024\/#breadcrumb","itemListElement":[{"@type":"ListItem","position":1,"name":"Home","item":"https:\/\/www.vidzeme.lv\/en\/"},{"@type":"ListItem","position":2,"name":"R\u016bjiena Receives a Special Award for the Title \u201cBaltic Sea Region Cultural Pearl 2024\u201d"}]},{"@type":"WebSite","@id":"https:\/\/www.vidzeme.lv\/en\/#website","url":"https:\/\/www.vidzeme.lv\/en\/","name":"Vidzeme","description":"Vidzemes pl\u0101no\u0161anas re\u0123ions","publisher":{"@id":"https:\/\/www.vidzeme.lv\/en\/#organization"},"potentialAction":[{"@type":"SearchAction","target":{"@type":"EntryPoint","urlTemplate":"https:\/\/www.vidzeme.lv\/en\/?s={search_term_string}"},"query-input":{"@type":"PropertyValueSpecification","valueRequired":true,"valueName":"search_term_string"}}],"inLanguage":"en-US"},{"@type":"Organization","@id":"https:\/\/www.vidzeme.lv\/en\/#organization","name":"Vidzemes pl\u0101no\u0161anas re\u0123ions","url":"https:\/\/www.vidzeme.lv\/en\/","logo":{"@type":"ImageObject","inLanguage":"en-US","@id":"https:\/\/www.vidzeme.lv\/en\/#\/schema\/logo\/image\/","url":"https:\/\/www.vidzeme.lv\/wp-content\/uploads\/2023\/05\/logo.png","contentUrl":"https:\/\/www.vidzeme.lv\/wp-content\/uploads\/2023\/05\/logo.png","width":291,"height":186,"caption":"Vidzemes pl\u0101no\u0161anas re\u0123ions"},"image":{"@id":"https:\/\/www.vidzeme.lv\/en\/#\/schema\/logo\/image\/"}},{"@type":"Person","@id":"https:\/\/www.vidzeme.lv\/en\/#\/schema\/person\/8b939fb4be397f604ed77c3cccfdcdb0","name":"Zane Ka\u0137e","image":{"@type":"ImageObject","inLanguage":"en-US","@id":"https:\/\/www.vidzeme.lv\/en\/#\/schema\/person\/image\/","url":"https:\/\/secure.gravatar.com\/avatar\/f5afe380594e3bc198a491d0859b0e83?s=96&d=mm&r=g","contentUrl":"https:\/\/secure.gravatar.com\/avatar\/f5afe380594e3bc198a491d0859b0e83?s=96&d=mm&r=g","caption":"Zane Ka\u0137e"}}]}},"_links":{"self":[{"href":"https:\/\/www.vidzeme.lv\/en\/wp-json\/wp\/v2\/posts\/71604","targetHints":{"allow":["GET"]}}],"collection":[{"href":"https:\/\/www.vidzeme.lv\/en\/wp-json\/wp\/v2\/posts"}],"about":[{"href":"https:\/\/www.vidzeme.lv\/en\/wp-json\/wp\/v2\/types\/post"}],"author":[{"embeddable":true,"href":"https:\/\/www.vidzeme.lv\/en\/wp-json\/wp\/v2\/users\/12"}],"replies":[{"embeddable":true,"href":"https:\/\/www.vidzeme.lv\/en\/wp-json\/wp\/v2\/comments?post=71604"}],"version-history":[{"count":1,"href":"https:\/\/www.vidzeme.lv\/en\/wp-json\/wp\/v2\/posts\/71604\/revisions"}],"predecessor-version":[{"id":71605,"href":"https:\/\/www.vidzeme.lv\/en\/wp-json\/wp\/v2\/posts\/71604\/revisions\/71605"}],"wp:featuredmedia":[{"embeddable":true,"href":"https:\/\/www.vidzeme.lv\/en\/wp-json\/wp\/v2\/media\/58362"}],"wp:attachment":[{"href":"https:\/\/www.vidzeme.lv\/en\/wp-json\/wp\/v2\/media?parent=71604"}],"wp:term":[{"taxonomy":"category","embeddable":true,"href":"https:\/\/www.vidzeme.lv\/en\/wp-json\/wp\/v2\/categories?post=71604"},{"taxonomy":"post_tag","embeddable":true,"href":"https:\/\/www.vidzeme.lv\/en\/wp-json\/wp\/v2\/tags?post=71604"}],"curies":[{"name":"wp","href":"https:\/\/api.w.org\/{rel}","templated":true}]}}