{"id":73323,"date":"2025-09-22T15:45:33","date_gmt":"2025-09-22T12:45:33","guid":{"rendered":"https:\/\/www.vidzeme.lv\/?p=73323"},"modified":"2025-09-23T15:56:05","modified_gmt":"2025-09-23T12:56:05","slug":"the-first-stakeholder-meeting-of-the-techsocialcare-project-took-place-at-vidzeme-hospital","status":"publish","type":"post","link":"https:\/\/www.vidzeme.lv\/en\/the-first-stakeholder-meeting-of-the-techsocialcare-project-took-place-at-vidzeme-hospital\/","title":{"rendered":"The first stakeholder meeting of the TechSocialcare project took place at Vidzeme Hospital"},"content":{"rendered":"<div class=\"wpb-content-wrapper\"><p>[vc_row][vc_column]<div class='vc-content vc-paragraph' id=''><p>On September 18, the first stakeholder meeting of the TechSocialcare project took place at Vidzeme Hospital. The project draws attention to a highly relevant topic \u2013 the availability and use of assistive technologies in social and healthcare services. These technologies provide essential support both for patients and professionals, yet several challenges still hinder their wider implementation.<\/p><\/div><div class='vc-content vc-paragraph' id=''><p>During the meeting, participants discussed the main challenges in the field. At the national level, digital platforms such as e-Health were positively evaluated, as they allow services to be accessed remotely and facilitate data registration, as well as the availability of electronic assistive technologies. However, not all social and healthcare workers and clients have sufficient knowledge, skills, or interest in using them. At the organizational level, management shows openness to introducing various technologies, but challenges remain with staff training, practical use of technologies, and selecting appropriate solutions. A significant limitation in technology selection is that software is rarely available in Latvian. At the inter-institutional level, the opportunity to participate in projects, collaborate with academic partners, and work with specialized support centers, such as the European Digital Innovation Hub (EDIC), was highly valued. However, it was noted that there is a lack of intermediaries between social and healthcare institutions and the developers of digital services and tools.<\/p><\/div><div class='vc-content vc-paragraph' id=''><p>Project manager Lien\u012bte Pried\u0101ja-Klepere emphasized that the goal is to find solutions for how technologies could more effectively support both care providers and clients. She pointed out that it is particularly important to combine the perspectives of different institutions and organizations in order to develop a sustainable approach and define priorities in this field.<\/p><\/div>[\/vc_column][\/vc_row][vc_row][vc_column]<div class='vc-highlighted-text' id=''><p>Project expert A. Pok\u0161\u0101ns stated: \u2018The stakeholder meeting within the framework of the TechSocialcare project in Latvia took place in a constructive and engaging atmosphere. Participants discussed the current challenges and the opportunities offered by the use of technologies in social care. The meeting promoted mutual understanding and opened up possibilities for further collaboration within the project. Participants also had the opportunity to visit the newly opened rehabilitation department of Vidzeme Hospital, thus gaining insights into how today\u2019s available technologies can be applied in practice.<\/p><\/div>[\/vc_column][\/vc_row][vc_row][vc_column]<div class='vc-content vc-paragraph' id=''><p>Special attention in the project will also be devoted to the research carried out by social anthropologist L\u012bna Orste. Her work will focus on the analysis of policy documents and the collection of stakeholder experiences in order to prepare a report on the use of assistive technologies in social and healthcare. This report will help to identify the changes needed at the policy and practice levels to promote more accessible and effective use of technologies.<\/p><\/div>[\/vc_column][\/vc_row][vc_row][vc_column]<div class='vc-content vc-paragraph' id=''><p>At the end of the meeting, participants visited the newly opened Rehabilitation Center at Vidzeme Hospital, where the head of the center, physiotherapist Krist\u012bne Matuka, introduced to the new facilities and technological aids. These provide support in patient rehabilitation while also facilitating the daily work of physiotherapists.<\/p><\/div>[\/vc_column][\/vc_row][vc_row][vc_column]<div class='vc-content vc-paragraph' id=''><p>The meeting was attended by representatives from Vidzeme Hospital, Stren\u010di Psychiatric Hospital, Valmiera Municipality, the Latvian Samaritan Association, Valmiera Municipality Social Affairs Department, the association \u2018Dz\u012bv\u012bbas poga\u2019, the Latvian Family Doctors\u2019 Association, NRC \u2018Vaivari\u2019 Technical Aids Center, as well as the Latvian Red Cross \u2018Home Care\u2019 office.<\/p><\/div>[\/vc_column][\/vc_row][vc_row][vc_column]<div class='vc-content vc-paragraph' id=''><p>This was the first of several meetings that will help build a shared vision and advance the field of assistive technologies in Latvia through close collaboration with various stakeholders.<\/p><\/div>[\/vc_column][\/vc_row][vc_row][vc_column]<div class='vc-content vc-paragraph' id=''><p><\/p>\n<p data-start=\"35\" data-end=\"58\"><strong data-start=\"35\" data-end=\"56\">About the project<\/strong><\/p>\n<p data-start=\"60\" data-end=\"534\">This event was organized within the framework of the INTERREG EUROPE Programme 2021\u20132027 project <em data-start=\"157\" data-end=\"173\">TechSocialcare<\/em>. The project\u2019s goal is to involve public authorities, municipalities, and social service providers in the development of a unified legal framework in social and healthcare, as well as to define basic requirements and standards\u2014such as ergonomics, open communication, usability, etc.\u2014for ICT tools and assistive technologies in social and healthcare services.<\/p>\n<p data-start=\"536\" data-end=\"878\" data-is-last-node=\"\" data-is-only-node=\"\">More information about the project in Latvian: <a href=\"https:\/\/www.vidzeme.lv\/en\/projects\/promoting-technical-standards-for-assistive-technology-in-european-social-care-services-techsocialcare\/about\/\" target=\"_new\" rel=\"noopener\" data-start=\"583\" data-end=\"794\">https:\/\/www.vidzeme.lv\/projekti\/tehnisko-standartu-veicinasana-paligtehnologijam-eiropas-socialas-aprupes-pakalpojumos\/tehnisko-standartu-veicinasana-paligtehnologijam-eiropas-socialas-aprupes-pakalpojumos_pase\/<\/a><br data-start=\"794\" data-end=\"797\" \/>Official project website in English: <a href=\"https:\/\/www.interregeurope.eu\/techsocialcare\" target=\"_new\" rel=\"nofollow\" data-start=\"834\" data-end=\"878\" data-is-last-node=\"\">https:\/\/www.interregeurope.eu\/techsocialcare<\/a><\/p>\n<p><\/p><\/div>[\/vc_column][\/vc_row]<\/p>\n<\/div>","protected":false},"excerpt":{"rendered":"<p>On September 18, the first stakeholder meeting of the TechSocialcare project took place at Vidzeme Hospital. The project draws attention to a highly relevant topic \u2013 the availability and use of assistive technologies in social and healthcare services. These technologies provide essential support both for patients and professionals, yet several challenges still hinder their wider implementation.<\/p>\n","protected":false},"author":50,"featured_media":73266,"comment_status":"open","ping_status":"open","sticky":false,"template":"","format":"standard","meta":{"_acf_changed":false,"footnotes":""},"categories":[213],"tags":[],"class_list":["post-73323","post","type-post","status-publish","format-standard","has-post-thumbnail","hentry","category-social-field","featured_category-news"],"acf":[],"yoast_head":"<!-- This site is optimized with the Yoast SEO plugin v25.6 - https:\/\/yoast.com\/wordpress\/plugins\/seo\/ -->\n<title>The first stakeholder meeting of the TechSocialcare project took place at Vidzeme Hospital - Vidzemes pl\u0101no\u0161anas re\u0123ions<\/title>\n<meta name=\"description\" content=\"On September 18, the first stakeholder meeting of the TechSocialcare project took place at Vidzeme Hospital. The project draws attention to a highly relevant topic&hellip;\" \/>\n<meta name=\"robots\" content=\"index, follow, max-snippet:-1, max-image-preview:large, max-video-preview:-1\" \/>\n<link rel=\"canonical\" href=\"https:\/\/www.vidzeme.lv\/en\/the-first-stakeholder-meeting-of-the-techsocialcare-project-took-place-at-vidzeme-hospital\/\" \/>\n<meta property=\"og:locale\" content=\"en_US\" \/>\n<meta property=\"og:type\" content=\"article\" \/>\n<meta property=\"og:title\" content=\"The first stakeholder meeting of the TechSocialcare project took place at Vidzeme Hospital - Vidzemes pl\u0101no\u0161anas re\u0123ions\" \/>\n<meta property=\"og:description\" content=\"On September 18, the first stakeholder meeting of the TechSocialcare project took place at Vidzeme Hospital. The project draws attention to a highly relevant topic&hellip;\" \/>\n<meta property=\"og:url\" content=\"https:\/\/www.vidzeme.lv\/en\/the-first-stakeholder-meeting-of-the-techsocialcare-project-took-place-at-vidzeme-hospital\/\" \/>\n<meta property=\"og:site_name\" content=\"Vidzemes pl\u0101no\u0161anas re\u0123ions\" \/>\n<meta property=\"article:published_time\" content=\"2025-09-22T12:45:33+00:00\" \/>\n<meta property=\"article:modified_time\" content=\"2025-09-23T12:56:05+00:00\" \/>\n<meta property=\"og:image\" content=\"https:\/\/www.vidzeme.lv\/wp-content\/uploads\/2025\/09\/20250918_130443-scaled.jpg\" \/>\n\t<meta property=\"og:image:width\" content=\"2560\" \/>\n\t<meta property=\"og:image:height\" content=\"1920\" \/>\n\t<meta property=\"og:image:type\" content=\"image\/jpeg\" \/>\n<meta name=\"author\" content=\"Alise Seile\" \/>\n<meta name=\"twitter:card\" content=\"summary_large_image\" \/>\n<meta name=\"twitter:label1\" content=\"Written by\" \/>\n\t<meta name=\"twitter:data1\" content=\"Alise Seile\" \/>\n\t<meta name=\"twitter:label2\" content=\"Est. reading time\" \/>\n\t<meta name=\"twitter:data2\" content=\"4 minutes\" \/>\n<script type=\"application\/ld+json\" class=\"yoast-schema-graph\">{\"@context\":\"https:\/\/schema.org\",\"@graph\":[{\"@type\":\"Article\",\"@id\":\"https:\/\/www.vidzeme.lv\/en\/the-first-stakeholder-meeting-of-the-techsocialcare-project-took-place-at-vidzeme-hospital\/#article\",\"isPartOf\":{\"@id\":\"https:\/\/www.vidzeme.lv\/en\/the-first-stakeholder-meeting-of-the-techsocialcare-project-took-place-at-vidzeme-hospital\/\"},\"author\":{\"name\":\"Alise Seile\",\"@id\":\"https:\/\/www.vidzeme.lv\/en\/#\/schema\/person\/55685685c3b8d3243857ac3867b78b34\"},\"headline\":\"The first stakeholder meeting of the TechSocialcare project took place at Vidzeme Hospital\",\"datePublished\":\"2025-09-22T12:45:33+00:00\",\"dateModified\":\"2025-09-23T12:56:05+00:00\",\"mainEntityOfPage\":{\"@id\":\"https:\/\/www.vidzeme.lv\/en\/the-first-stakeholder-meeting-of-the-techsocialcare-project-took-place-at-vidzeme-hospital\/\"},\"wordCount\":794,\"commentCount\":0,\"publisher\":{\"@id\":\"https:\/\/www.vidzeme.lv\/en\/#organization\"},\"image\":{\"@id\":\"https:\/\/www.vidzeme.lv\/en\/the-first-stakeholder-meeting-of-the-techsocialcare-project-took-place-at-vidzeme-hospital\/#primaryimage\"},\"thumbnailUrl\":\"https:\/\/www.vidzeme.lv\/wp-content\/uploads\/2025\/09\/20250918_130443-scaled.jpg\",\"articleSection\":[\"Social field\"],\"inLanguage\":\"en-US\",\"potentialAction\":[{\"@type\":\"CommentAction\",\"name\":\"Comment\",\"target\":[\"https:\/\/www.vidzeme.lv\/en\/the-first-stakeholder-meeting-of-the-techsocialcare-project-took-place-at-vidzeme-hospital\/#respond\"]}]},{\"@type\":\"WebPage\",\"@id\":\"https:\/\/www.vidzeme.lv\/en\/the-first-stakeholder-meeting-of-the-techsocialcare-project-took-place-at-vidzeme-hospital\/\",\"url\":\"https:\/\/www.vidzeme.lv\/en\/the-first-stakeholder-meeting-of-the-techsocialcare-project-took-place-at-vidzeme-hospital\/\",\"name\":\"The first stakeholder meeting of the TechSocialcare project took place at Vidzeme Hospital - Vidzemes pl\u0101no\u0161anas re\u0123ions\",\"isPartOf\":{\"@id\":\"https:\/\/www.vidzeme.lv\/en\/#website\"},\"primaryImageOfPage\":{\"@id\":\"https:\/\/www.vidzeme.lv\/en\/the-first-stakeholder-meeting-of-the-techsocialcare-project-took-place-at-vidzeme-hospital\/#primaryimage\"},\"image\":{\"@id\":\"https:\/\/www.vidzeme.lv\/en\/the-first-stakeholder-meeting-of-the-techsocialcare-project-took-place-at-vidzeme-hospital\/#primaryimage\"},\"thumbnailUrl\":\"https:\/\/www.vidzeme.lv\/wp-content\/uploads\/2025\/09\/20250918_130443-scaled.jpg\",\"datePublished\":\"2025-09-22T12:45:33+00:00\",\"dateModified\":\"2025-09-23T12:56:05+00:00\",\"description\":\"On September 18, the first stakeholder meeting of the TechSocialcare project took place at Vidzeme Hospital. The project draws attention to a highly relevant topic&hellip;\",\"breadcrumb\":{\"@id\":\"https:\/\/www.vidzeme.lv\/en\/the-first-stakeholder-meeting-of-the-techsocialcare-project-took-place-at-vidzeme-hospital\/#breadcrumb\"},\"inLanguage\":\"en-US\",\"potentialAction\":[{\"@type\":\"ReadAction\",\"target\":[\"https:\/\/www.vidzeme.lv\/en\/the-first-stakeholder-meeting-of-the-techsocialcare-project-took-place-at-vidzeme-hospital\/\"]}]},{\"@type\":\"ImageObject\",\"inLanguage\":\"en-US\",\"@id\":\"https:\/\/www.vidzeme.lv\/en\/the-first-stakeholder-meeting-of-the-techsocialcare-project-took-place-at-vidzeme-hospital\/#primaryimage\",\"url\":\"https:\/\/www.vidzeme.lv\/wp-content\/uploads\/2025\/09\/20250918_130443-scaled.jpg\",\"contentUrl\":\"https:\/\/www.vidzeme.lv\/wp-content\/uploads\/2025\/09\/20250918_130443-scaled.jpg\",\"width\":2560,\"height\":1920},{\"@type\":\"BreadcrumbList\",\"@id\":\"https:\/\/www.vidzeme.lv\/en\/the-first-stakeholder-meeting-of-the-techsocialcare-project-took-place-at-vidzeme-hospital\/#breadcrumb\",\"itemListElement\":[{\"@type\":\"ListItem\",\"position\":1,\"name\":\"Home\",\"item\":\"https:\/\/www.vidzeme.lv\/en\/\"},{\"@type\":\"ListItem\",\"position\":2,\"name\":\"The first stakeholder meeting of the TechSocialcare project took place at Vidzeme Hospital\"}]},{\"@type\":\"WebSite\",\"@id\":\"https:\/\/www.vidzeme.lv\/en\/#website\",\"url\":\"https:\/\/www.vidzeme.lv\/en\/\",\"name\":\"Vidzeme\",\"description\":\"Vidzemes pl\u0101no\u0161anas re\u0123ions\",\"publisher\":{\"@id\":\"https:\/\/www.vidzeme.lv\/en\/#organization\"},\"potentialAction\":[{\"@type\":\"SearchAction\",\"target\":{\"@type\":\"EntryPoint\",\"urlTemplate\":\"https:\/\/www.vidzeme.lv\/en\/?s={search_term_string}\"},\"query-input\":{\"@type\":\"PropertyValueSpecification\",\"valueRequired\":true,\"valueName\":\"search_term_string\"}}],\"inLanguage\":\"en-US\"},{\"@type\":\"Organization\",\"@id\":\"https:\/\/www.vidzeme.lv\/en\/#organization\",\"name\":\"Vidzemes pl\u0101no\u0161anas re\u0123ions\",\"url\":\"https:\/\/www.vidzeme.lv\/en\/\",\"logo\":{\"@type\":\"ImageObject\",\"inLanguage\":\"en-US\",\"@id\":\"https:\/\/www.vidzeme.lv\/en\/#\/schema\/logo\/image\/\",\"url\":\"https:\/\/www.vidzeme.lv\/wp-content\/uploads\/2023\/05\/logo.png\",\"contentUrl\":\"https:\/\/www.vidzeme.lv\/wp-content\/uploads\/2023\/05\/logo.png\",\"width\":291,\"height\":186,\"caption\":\"Vidzemes pl\u0101no\u0161anas re\u0123ions\"},\"image\":{\"@id\":\"https:\/\/www.vidzeme.lv\/en\/#\/schema\/logo\/image\/\"}},{\"@type\":\"Person\",\"@id\":\"https:\/\/www.vidzeme.lv\/en\/#\/schema\/person\/55685685c3b8d3243857ac3867b78b34\",\"name\":\"Alise Seile\",\"image\":{\"@type\":\"ImageObject\",\"inLanguage\":\"en-US\",\"@id\":\"https:\/\/www.vidzeme.lv\/en\/#\/schema\/person\/image\/\",\"url\":\"https:\/\/secure.gravatar.com\/avatar\/c84b608ab5a34aa5b3e5ad66b3946bef?s=96&d=mm&r=g\",\"contentUrl\":\"https:\/\/secure.gravatar.com\/avatar\/c84b608ab5a34aa5b3e5ad66b3946bef?s=96&d=mm&r=g\",\"caption\":\"Alise Seile\"}}]}<\/script>\n<!-- \/ Yoast SEO plugin. -->","yoast_head_json":{"title":"The first stakeholder meeting of the TechSocialcare project took place at Vidzeme Hospital - Vidzemes pl\u0101no\u0161anas re\u0123ions","description":"On September 18, the first stakeholder meeting of the TechSocialcare project took place at Vidzeme Hospital. The project draws attention to a highly relevant topic&hellip;","robots":{"index":"index","follow":"follow","max-snippet":"max-snippet:-1","max-image-preview":"max-image-preview:large","max-video-preview":"max-video-preview:-1"},"canonical":"https:\/\/www.vidzeme.lv\/en\/the-first-stakeholder-meeting-of-the-techsocialcare-project-took-place-at-vidzeme-hospital\/","og_locale":"en_US","og_type":"article","og_title":"The first stakeholder meeting of the TechSocialcare project took place at Vidzeme Hospital - Vidzemes pl\u0101no\u0161anas re\u0123ions","og_description":"On September 18, the first stakeholder meeting of the TechSocialcare project took place at Vidzeme Hospital. The project draws attention to a highly relevant topic&hellip;","og_url":"https:\/\/www.vidzeme.lv\/en\/the-first-stakeholder-meeting-of-the-techsocialcare-project-took-place-at-vidzeme-hospital\/","og_site_name":"Vidzemes pl\u0101no\u0161anas re\u0123ions","article_published_time":"2025-09-22T12:45:33+00:00","article_modified_time":"2025-09-23T12:56:05+00:00","og_image":[{"width":2560,"height":1920,"url":"https:\/\/www.vidzeme.lv\/wp-content\/uploads\/2025\/09\/20250918_130443-scaled.jpg","type":"image\/jpeg"}],"author":"Alise Seile","twitter_card":"summary_large_image","twitter_misc":{"Written by":"Alise Seile","Est. reading time":"4 minutes"},"schema":{"@context":"https:\/\/schema.org","@graph":[{"@type":"Article","@id":"https:\/\/www.vidzeme.lv\/en\/the-first-stakeholder-meeting-of-the-techsocialcare-project-took-place-at-vidzeme-hospital\/#article","isPartOf":{"@id":"https:\/\/www.vidzeme.lv\/en\/the-first-stakeholder-meeting-of-the-techsocialcare-project-took-place-at-vidzeme-hospital\/"},"author":{"name":"Alise Seile","@id":"https:\/\/www.vidzeme.lv\/en\/#\/schema\/person\/55685685c3b8d3243857ac3867b78b34"},"headline":"The first stakeholder meeting of the TechSocialcare project took place at Vidzeme Hospital","datePublished":"2025-09-22T12:45:33+00:00","dateModified":"2025-09-23T12:56:05+00:00","mainEntityOfPage":{"@id":"https:\/\/www.vidzeme.lv\/en\/the-first-stakeholder-meeting-of-the-techsocialcare-project-took-place-at-vidzeme-hospital\/"},"wordCount":794,"commentCount":0,"publisher":{"@id":"https:\/\/www.vidzeme.lv\/en\/#organization"},"image":{"@id":"https:\/\/www.vidzeme.lv\/en\/the-first-stakeholder-meeting-of-the-techsocialcare-project-took-place-at-vidzeme-hospital\/#primaryimage"},"thumbnailUrl":"https:\/\/www.vidzeme.lv\/wp-content\/uploads\/2025\/09\/20250918_130443-scaled.jpg","articleSection":["Social field"],"inLanguage":"en-US","potentialAction":[{"@type":"CommentAction","name":"Comment","target":["https:\/\/www.vidzeme.lv\/en\/the-first-stakeholder-meeting-of-the-techsocialcare-project-took-place-at-vidzeme-hospital\/#respond"]}]},{"@type":"WebPage","@id":"https:\/\/www.vidzeme.lv\/en\/the-first-stakeholder-meeting-of-the-techsocialcare-project-took-place-at-vidzeme-hospital\/","url":"https:\/\/www.vidzeme.lv\/en\/the-first-stakeholder-meeting-of-the-techsocialcare-project-took-place-at-vidzeme-hospital\/","name":"The first stakeholder meeting of the TechSocialcare project took place at Vidzeme Hospital - Vidzemes pl\u0101no\u0161anas re\u0123ions","isPartOf":{"@id":"https:\/\/www.vidzeme.lv\/en\/#website"},"primaryImageOfPage":{"@id":"https:\/\/www.vidzeme.lv\/en\/the-first-stakeholder-meeting-of-the-techsocialcare-project-took-place-at-vidzeme-hospital\/#primaryimage"},"image":{"@id":"https:\/\/www.vidzeme.lv\/en\/the-first-stakeholder-meeting-of-the-techsocialcare-project-took-place-at-vidzeme-hospital\/#primaryimage"},"thumbnailUrl":"https:\/\/www.vidzeme.lv\/wp-content\/uploads\/2025\/09\/20250918_130443-scaled.jpg","datePublished":"2025-09-22T12:45:33+00:00","dateModified":"2025-09-23T12:56:05+00:00","description":"On September 18, the first stakeholder meeting of the TechSocialcare project took place at Vidzeme Hospital. The project draws attention to a highly relevant topic&hellip;","breadcrumb":{"@id":"https:\/\/www.vidzeme.lv\/en\/the-first-stakeholder-meeting-of-the-techsocialcare-project-took-place-at-vidzeme-hospital\/#breadcrumb"},"inLanguage":"en-US","potentialAction":[{"@type":"ReadAction","target":["https:\/\/www.vidzeme.lv\/en\/the-first-stakeholder-meeting-of-the-techsocialcare-project-took-place-at-vidzeme-hospital\/"]}]},{"@type":"ImageObject","inLanguage":"en-US","@id":"https:\/\/www.vidzeme.lv\/en\/the-first-stakeholder-meeting-of-the-techsocialcare-project-took-place-at-vidzeme-hospital\/#primaryimage","url":"https:\/\/www.vidzeme.lv\/wp-content\/uploads\/2025\/09\/20250918_130443-scaled.jpg","contentUrl":"https:\/\/www.vidzeme.lv\/wp-content\/uploads\/2025\/09\/20250918_130443-scaled.jpg","width":2560,"height":1920},{"@type":"BreadcrumbList","@id":"https:\/\/www.vidzeme.lv\/en\/the-first-stakeholder-meeting-of-the-techsocialcare-project-took-place-at-vidzeme-hospital\/#breadcrumb","itemListElement":[{"@type":"ListItem","position":1,"name":"Home","item":"https:\/\/www.vidzeme.lv\/en\/"},{"@type":"ListItem","position":2,"name":"The first stakeholder meeting of the TechSocialcare project took place at Vidzeme Hospital"}]},{"@type":"WebSite","@id":"https:\/\/www.vidzeme.lv\/en\/#website","url":"https:\/\/www.vidzeme.lv\/en\/","name":"Vidzeme","description":"Vidzemes pl\u0101no\u0161anas re\u0123ions","publisher":{"@id":"https:\/\/www.vidzeme.lv\/en\/#organization"},"potentialAction":[{"@type":"SearchAction","target":{"@type":"EntryPoint","urlTemplate":"https:\/\/www.vidzeme.lv\/en\/?s={search_term_string}"},"query-input":{"@type":"PropertyValueSpecification","valueRequired":true,"valueName":"search_term_string"}}],"inLanguage":"en-US"},{"@type":"Organization","@id":"https:\/\/www.vidzeme.lv\/en\/#organization","name":"Vidzemes pl\u0101no\u0161anas re\u0123ions","url":"https:\/\/www.vidzeme.lv\/en\/","logo":{"@type":"ImageObject","inLanguage":"en-US","@id":"https:\/\/www.vidzeme.lv\/en\/#\/schema\/logo\/image\/","url":"https:\/\/www.vidzeme.lv\/wp-content\/uploads\/2023\/05\/logo.png","contentUrl":"https:\/\/www.vidzeme.lv\/wp-content\/uploads\/2023\/05\/logo.png","width":291,"height":186,"caption":"Vidzemes pl\u0101no\u0161anas re\u0123ions"},"image":{"@id":"https:\/\/www.vidzeme.lv\/en\/#\/schema\/logo\/image\/"}},{"@type":"Person","@id":"https:\/\/www.vidzeme.lv\/en\/#\/schema\/person\/55685685c3b8d3243857ac3867b78b34","name":"Alise Seile","image":{"@type":"ImageObject","inLanguage":"en-US","@id":"https:\/\/www.vidzeme.lv\/en\/#\/schema\/person\/image\/","url":"https:\/\/secure.gravatar.com\/avatar\/c84b608ab5a34aa5b3e5ad66b3946bef?s=96&d=mm&r=g","contentUrl":"https:\/\/secure.gravatar.com\/avatar\/c84b608ab5a34aa5b3e5ad66b3946bef?s=96&d=mm&r=g","caption":"Alise Seile"}}]}},"_links":{"self":[{"href":"https:\/\/www.vidzeme.lv\/en\/wp-json\/wp\/v2\/posts\/73323","targetHints":{"allow":["GET"]}}],"collection":[{"href":"https:\/\/www.vidzeme.lv\/en\/wp-json\/wp\/v2\/posts"}],"about":[{"href":"https:\/\/www.vidzeme.lv\/en\/wp-json\/wp\/v2\/types\/post"}],"author":[{"embeddable":true,"href":"https:\/\/www.vidzeme.lv\/en\/wp-json\/wp\/v2\/users\/50"}],"replies":[{"embeddable":true,"href":"https:\/\/www.vidzeme.lv\/en\/wp-json\/wp\/v2\/comments?post=73323"}],"version-history":[{"count":4,"href":"https:\/\/www.vidzeme.lv\/en\/wp-json\/wp\/v2\/posts\/73323\/revisions"}],"predecessor-version":[{"id":73327,"href":"https:\/\/www.vidzeme.lv\/en\/wp-json\/wp\/v2\/posts\/73323\/revisions\/73327"}],"wp:featuredmedia":[{"embeddable":true,"href":"https:\/\/www.vidzeme.lv\/en\/wp-json\/wp\/v2\/media\/73266"}],"wp:attachment":[{"href":"https:\/\/www.vidzeme.lv\/en\/wp-json\/wp\/v2\/media?parent=73323"}],"wp:term":[{"taxonomy":"category","embeddable":true,"href":"https:\/\/www.vidzeme.lv\/en\/wp-json\/wp\/v2\/categories?post=73323"},{"taxonomy":"post_tag","embeddable":true,"href":"https:\/\/www.vidzeme.lv\/en\/wp-json\/wp\/v2\/tags?post=73323"}],"curies":[{"name":"wp","href":"https:\/\/api.w.org\/{rel}","templated":true}]}}