{"id":75298,"date":"2025-11-10T14:31:27","date_gmt":"2025-11-10T11:31:27","guid":{"rendered":"https:\/\/www.vidzeme.lv\/vidzemes-planosanas-regions-kopa-ar-eiropas-partneriem-uzsak-darbu-pie-klimata-noturibas-stiprinasanas-projekta-grace\/"},"modified":"2025-11-12T16:21:38","modified_gmt":"2025-11-12T13:21:38","slug":"vidzemes-planosanas-regions-kopa-ar-eiropas-partneriem-uzsak-darbu-pie-klimata-noturibas-stiprinasanas-projekta-grace","status":"publish","type":"post","link":"https:\/\/www.vidzeme.lv\/en\/vidzemes-planosanas-regions-kopa-ar-eiropas-partneriem-uzsak-darbu-pie-klimata-noturibas-stiprinasanas-projekta-grace\/","title":{"rendered":"Vidzeme Planning Region joins European partners to launch the GRACE climate resilience project"},"content":{"rendered":"<div class=\"wpb-content-wrapper\"><p>[vc_row][vc_column]<div class='vc-content vc-paragraph' id=''><p><\/p>\n<p style=\"text-align: justify;\">From October 27 to 29, the kick-off meeting of the Horizon Europe project GRACE took place in Venice, Italy, bringing together 26 partners from across Europe. Among them was the Vidzeme Planning Region (VPR), participating as one of the project partners. The project\u2019s overarching goal is to strengthen the ability of European regions\u2014particularly remote rural areas\u2014to adapt to climate change through community engagement, data and knowledge sharing, capacity building, and interregional cooperation.<\/p>\n<p style=\"text-align: justify;\">The meeting opened with presentations from the project coordinators \u2014 the Euro-Mediterranean Center on Climate Change (CMCC, Italy) \u2014 who introduced the project\u2019s objectives, work structure, and expected outcomes. Their presentation was complemented by contributions from European Commission representatives, who highlighted the project\u2019s strong alignment with the EU Green Deal and the EU Climate Resilience Strategy.<\/p>\n<p style=\"text-align: justify;\">After introductory sessions, participants joined thematic discussions focusing on three key areas of the project: community engagement and adaptation pilots in rural regions, development of data and knowledge-sharing platforms and tools, and skills development and interregional exchange. The sessions explored practical ways to involve local communities \u2014 for example, in water management or agriculture \u2014 and how to use digital tools to gather data on climate risks and assess the impact of adaptation measures.<\/p>\n<p style=\"text-align: justify;\">The second day of the meeting was dedicated to hands-on experience sharing, with field visits to the Venetian Lagoon and the Cavallino-Treporti area to explore their ecosystems and planned project activities. Special attention was given to the implementation of nature-based climate adaptation solutions. Participants visited the coastal dune protection system and the local farm \u201cLa Valleri\u201d, which cultivates and processes various crops. The visit showcased best practices in climate adaptation and revealed an interesting fact \u2014 the unique environment near the lagoon, where fresh and saltwater mix, affects the soil and air, giving locally grown vegetables a particularly distinctive flavor and aroma. Participants also met with representatives of the Cavallino-Treporti municipality, who shared their experience of fostering community involvement in building climate resilience.<\/p>\n<p style=\"text-align: justify;\" data-start=\"2682\" data-end=\"2936\">In the afternoon, project partners presented the climate challenges and planned pilot activities in their respective regions, including the Vidzeme Planning Region, which outlined the main climate risks and adaptation priorities in Vidzeme.<\/p>\n<p style=\"text-align: justify;\" data-start=\"2938\" data-end=\"3472\">During the final day, discussions focused on shared challenges faced by all partners \u2014 including flood risks, soil degradation, public awareness, and the strengthening of local government capacities. Attention was also given to project management and the planning of future activities, as well as knowledge transfer and community skill-building. The day concluded with interactive workshops, where partners actively developed skills, strengthened collaboration, and exchanged experiences between regions.<\/p>\n<p style=\"text-align: justify;\" data-start=\"3474\" data-end=\"3742\">The GRACE kick-off meeting became an important platform for cooperation, fostering knowledge exchange and idea sharing among partners and paving the way toward the common goal \u2014 enhancing the ability of regions to adapt and respond to climate change.<\/p>\n<h3 data-start=\"3749\" data-end=\"3774\"><strong data-start=\"3753\" data-end=\"3774\">About the project<\/strong><\/h3>\n<p style=\"text-align: justify;\" data-start=\"3775\" data-end=\"3994\"><em>The project \u201cGrowing Climate Resilience in Remote rural Areas through Community Empowerment<\/em> <em>(GRACE)\u201d is implemented with the financial support of the European Union\u2019s Horizon Europe Programme (2021\u20132027).<\/em><\/p>\n<p style=\"text-align: justify;\" data-start=\"3996\" data-end=\"4433\"><em>Its aim is to help remote rural regions in Europe adapt to climate change and strengthen their resilience by promoting community participation, local capacity building, and the implementation of innovative solutions. The project seeks to develop and demonstrate multidimensional climate adaptation measures that enhance social and economic vitality, promote nature-based solutions, and improve local governance.<\/em><\/p>\n<p><\/p><\/div>[\/vc_column][\/vc_row]<\/p>\n<\/div>","protected":false},"excerpt":{"rendered":"<p>[vc_row][vc_column][\/vc_column][\/vc_row]<\/p>\n","protected":false},"author":15,"featured_media":75087,"comment_status":"open","ping_status":"open","sticky":false,"template":"","format":"standard","meta":{"_acf_changed":false,"footnotes":""},"categories":[209],"tags":[],"class_list":["post-75298","post","type-post","status-publish","format-standard","has-post-thumbnail","hentry","category-environment"],"acf":[],"yoast_head":"<!-- This site is optimized with the Yoast SEO plugin v25.6 - https:\/\/yoast.com\/wordpress\/plugins\/seo\/ -->\n<title>Vidzeme Planning Region joins European partners to launch the GRACE climate resilience project - Vidzemes pl\u0101no\u0161anas re\u0123ions<\/title>\n<meta name=\"description\" content=\"[vc_row][vc_column][\/vc_column][\/vc_row]\" \/>\n<meta name=\"robots\" content=\"index, follow, max-snippet:-1, max-image-preview:large, max-video-preview:-1\" \/>\n<link rel=\"canonical\" href=\"https:\/\/www.vidzeme.lv\/en\/vidzemes-planosanas-regions-kopa-ar-eiropas-partneriem-uzsak-darbu-pie-klimata-noturibas-stiprinasanas-projekta-grace\/\" \/>\n<meta property=\"og:locale\" content=\"en_US\" \/>\n<meta property=\"og:type\" content=\"article\" \/>\n<meta property=\"og:title\" content=\"Vidzeme Planning Region joins European partners to launch the GRACE climate resilience project - Vidzemes pl\u0101no\u0161anas re\u0123ions\" \/>\n<meta property=\"og:description\" content=\"[vc_row][vc_column][\/vc_column][\/vc_row]\" \/>\n<meta property=\"og:url\" content=\"https:\/\/www.vidzeme.lv\/en\/vidzemes-planosanas-regions-kopa-ar-eiropas-partneriem-uzsak-darbu-pie-klimata-noturibas-stiprinasanas-projekta-grace\/\" \/>\n<meta property=\"og:site_name\" content=\"Vidzemes pl\u0101no\u0161anas re\u0123ions\" \/>\n<meta property=\"article:published_time\" content=\"2025-11-10T11:31:27+00:00\" \/>\n<meta property=\"article:modified_time\" content=\"2025-11-12T13:21:38+00:00\" \/>\n<meta property=\"og:image\" content=\"https:\/\/www.vidzeme.lv\/wp-content\/uploads\/2025\/11\/IMG_20251028_152346-scaled.jpg\" \/>\n\t<meta property=\"og:image:width\" content=\"2560\" \/>\n\t<meta property=\"og:image:height\" content=\"1920\" \/>\n\t<meta property=\"og:image:type\" content=\"image\/jpeg\" \/>\n<meta name=\"author\" content=\"Krista Bl\u016bma\" \/>\n<meta name=\"twitter:card\" content=\"summary_large_image\" \/>\n<meta name=\"twitter:label1\" content=\"Written by\" \/>\n\t<meta name=\"twitter:data1\" content=\"Krista Bl\u016bma\" \/>\n\t<meta name=\"twitter:label2\" content=\"Est. reading time\" \/>\n\t<meta name=\"twitter:data2\" content=\"4 minutes\" \/>\n<script type=\"application\/ld+json\" class=\"yoast-schema-graph\">{\"@context\":\"https:\/\/schema.org\",\"@graph\":[{\"@type\":\"Article\",\"@id\":\"https:\/\/www.vidzeme.lv\/en\/vidzemes-planosanas-regions-kopa-ar-eiropas-partneriem-uzsak-darbu-pie-klimata-noturibas-stiprinasanas-projekta-grace\/#article\",\"isPartOf\":{\"@id\":\"https:\/\/www.vidzeme.lv\/en\/vidzemes-planosanas-regions-kopa-ar-eiropas-partneriem-uzsak-darbu-pie-klimata-noturibas-stiprinasanas-projekta-grace\/\"},\"author\":{\"name\":\"Krista Bl\u016bma\",\"@id\":\"https:\/\/www.vidzeme.lv\/en\/#\/schema\/person\/5ece1153eb42686b2878bb52126984f3\"},\"headline\":\"Vidzeme Planning Region joins European partners to launch the GRACE climate resilience project\",\"datePublished\":\"2025-11-10T11:31:27+00:00\",\"dateModified\":\"2025-11-12T13:21:38+00:00\",\"mainEntityOfPage\":{\"@id\":\"https:\/\/www.vidzeme.lv\/en\/vidzemes-planosanas-regions-kopa-ar-eiropas-partneriem-uzsak-darbu-pie-klimata-noturibas-stiprinasanas-projekta-grace\/\"},\"wordCount\":573,\"commentCount\":0,\"publisher\":{\"@id\":\"https:\/\/www.vidzeme.lv\/en\/#organization\"},\"image\":{\"@id\":\"https:\/\/www.vidzeme.lv\/en\/vidzemes-planosanas-regions-kopa-ar-eiropas-partneriem-uzsak-darbu-pie-klimata-noturibas-stiprinasanas-projekta-grace\/#primaryimage\"},\"thumbnailUrl\":\"https:\/\/www.vidzeme.lv\/wp-content\/uploads\/2025\/11\/IMG_20251028_152346-scaled.jpg\",\"articleSection\":[\"Environment\"],\"inLanguage\":\"en-US\",\"potentialAction\":[{\"@type\":\"CommentAction\",\"name\":\"Comment\",\"target\":[\"https:\/\/www.vidzeme.lv\/en\/vidzemes-planosanas-regions-kopa-ar-eiropas-partneriem-uzsak-darbu-pie-klimata-noturibas-stiprinasanas-projekta-grace\/#respond\"]}]},{\"@type\":\"WebPage\",\"@id\":\"https:\/\/www.vidzeme.lv\/en\/vidzemes-planosanas-regions-kopa-ar-eiropas-partneriem-uzsak-darbu-pie-klimata-noturibas-stiprinasanas-projekta-grace\/\",\"url\":\"https:\/\/www.vidzeme.lv\/en\/vidzemes-planosanas-regions-kopa-ar-eiropas-partneriem-uzsak-darbu-pie-klimata-noturibas-stiprinasanas-projekta-grace\/\",\"name\":\"Vidzeme Planning Region joins European partners to launch the GRACE climate resilience project - Vidzemes pl\u0101no\u0161anas re\u0123ions\",\"isPartOf\":{\"@id\":\"https:\/\/www.vidzeme.lv\/en\/#website\"},\"primaryImageOfPage\":{\"@id\":\"https:\/\/www.vidzeme.lv\/en\/vidzemes-planosanas-regions-kopa-ar-eiropas-partneriem-uzsak-darbu-pie-klimata-noturibas-stiprinasanas-projekta-grace\/#primaryimage\"},\"image\":{\"@id\":\"https:\/\/www.vidzeme.lv\/en\/vidzemes-planosanas-regions-kopa-ar-eiropas-partneriem-uzsak-darbu-pie-klimata-noturibas-stiprinasanas-projekta-grace\/#primaryimage\"},\"thumbnailUrl\":\"https:\/\/www.vidzeme.lv\/wp-content\/uploads\/2025\/11\/IMG_20251028_152346-scaled.jpg\",\"datePublished\":\"2025-11-10T11:31:27+00:00\",\"dateModified\":\"2025-11-12T13:21:38+00:00\",\"description\":\"[vc_row][vc_column][\/vc_column][\/vc_row]\",\"breadcrumb\":{\"@id\":\"https:\/\/www.vidzeme.lv\/en\/vidzemes-planosanas-regions-kopa-ar-eiropas-partneriem-uzsak-darbu-pie-klimata-noturibas-stiprinasanas-projekta-grace\/#breadcrumb\"},\"inLanguage\":\"en-US\",\"potentialAction\":[{\"@type\":\"ReadAction\",\"target\":[\"https:\/\/www.vidzeme.lv\/en\/vidzemes-planosanas-regions-kopa-ar-eiropas-partneriem-uzsak-darbu-pie-klimata-noturibas-stiprinasanas-projekta-grace\/\"]}]},{\"@type\":\"ImageObject\",\"inLanguage\":\"en-US\",\"@id\":\"https:\/\/www.vidzeme.lv\/en\/vidzemes-planosanas-regions-kopa-ar-eiropas-partneriem-uzsak-darbu-pie-klimata-noturibas-stiprinasanas-projekta-grace\/#primaryimage\",\"url\":\"https:\/\/www.vidzeme.lv\/wp-content\/uploads\/2025\/11\/IMG_20251028_152346-scaled.jpg\",\"contentUrl\":\"https:\/\/www.vidzeme.lv\/wp-content\/uploads\/2025\/11\/IMG_20251028_152346-scaled.jpg\",\"width\":2560,\"height\":1920,\"caption\":\"vidzeme planning region joins european partners to launch the grace climate resilience project\"},{\"@type\":\"BreadcrumbList\",\"@id\":\"https:\/\/www.vidzeme.lv\/en\/vidzemes-planosanas-regions-kopa-ar-eiropas-partneriem-uzsak-darbu-pie-klimata-noturibas-stiprinasanas-projekta-grace\/#breadcrumb\",\"itemListElement\":[{\"@type\":\"ListItem\",\"position\":1,\"name\":\"Home\",\"item\":\"https:\/\/www.vidzeme.lv\/en\/\"},{\"@type\":\"ListItem\",\"position\":2,\"name\":\"Vidzeme Planning Region joins European partners to launch the GRACE climate resilience project\"}]},{\"@type\":\"WebSite\",\"@id\":\"https:\/\/www.vidzeme.lv\/en\/#website\",\"url\":\"https:\/\/www.vidzeme.lv\/en\/\",\"name\":\"Vidzeme\",\"description\":\"Vidzemes pl\u0101no\u0161anas re\u0123ions\",\"publisher\":{\"@id\":\"https:\/\/www.vidzeme.lv\/en\/#organization\"},\"potentialAction\":[{\"@type\":\"SearchAction\",\"target\":{\"@type\":\"EntryPoint\",\"urlTemplate\":\"https:\/\/www.vidzeme.lv\/en\/?s={search_term_string}\"},\"query-input\":{\"@type\":\"PropertyValueSpecification\",\"valueRequired\":true,\"valueName\":\"search_term_string\"}}],\"inLanguage\":\"en-US\"},{\"@type\":\"Organization\",\"@id\":\"https:\/\/www.vidzeme.lv\/en\/#organization\",\"name\":\"Vidzemes pl\u0101no\u0161anas re\u0123ions\",\"url\":\"https:\/\/www.vidzeme.lv\/en\/\",\"logo\":{\"@type\":\"ImageObject\",\"inLanguage\":\"en-US\",\"@id\":\"https:\/\/www.vidzeme.lv\/en\/#\/schema\/logo\/image\/\",\"url\":\"https:\/\/www.vidzeme.lv\/wp-content\/uploads\/2023\/05\/logo.png\",\"contentUrl\":\"https:\/\/www.vidzeme.lv\/wp-content\/uploads\/2023\/05\/logo.png\",\"width\":291,\"height\":186,\"caption\":\"Vidzemes pl\u0101no\u0161anas re\u0123ions\"},\"image\":{\"@id\":\"https:\/\/www.vidzeme.lv\/en\/#\/schema\/logo\/image\/\"}},{\"@type\":\"Person\",\"@id\":\"https:\/\/www.vidzeme.lv\/en\/#\/schema\/person\/5ece1153eb42686b2878bb52126984f3\",\"name\":\"Krista Bl\u016bma\",\"image\":{\"@type\":\"ImageObject\",\"inLanguage\":\"en-US\",\"@id\":\"https:\/\/www.vidzeme.lv\/en\/#\/schema\/person\/image\/\",\"url\":\"https:\/\/secure.gravatar.com\/avatar\/d986a2b6abdd112c6e3eaa8cb6e6ca42?s=96&d=mm&r=g\",\"contentUrl\":\"https:\/\/secure.gravatar.com\/avatar\/d986a2b6abdd112c6e3eaa8cb6e6ca42?s=96&d=mm&r=g\",\"caption\":\"Krista Bl\u016bma\"}}]}<\/script>\n<!-- \/ Yoast SEO plugin. -->","yoast_head_json":{"title":"Vidzeme Planning Region joins European partners to launch the GRACE climate resilience project - Vidzemes pl\u0101no\u0161anas re\u0123ions","description":"[vc_row][vc_column][\/vc_column][\/vc_row]","robots":{"index":"index","follow":"follow","max-snippet":"max-snippet:-1","max-image-preview":"max-image-preview:large","max-video-preview":"max-video-preview:-1"},"canonical":"https:\/\/www.vidzeme.lv\/en\/vidzemes-planosanas-regions-kopa-ar-eiropas-partneriem-uzsak-darbu-pie-klimata-noturibas-stiprinasanas-projekta-grace\/","og_locale":"en_US","og_type":"article","og_title":"Vidzeme Planning Region joins European partners to launch the GRACE climate resilience project - Vidzemes pl\u0101no\u0161anas re\u0123ions","og_description":"[vc_row][vc_column][\/vc_column][\/vc_row]","og_url":"https:\/\/www.vidzeme.lv\/en\/vidzemes-planosanas-regions-kopa-ar-eiropas-partneriem-uzsak-darbu-pie-klimata-noturibas-stiprinasanas-projekta-grace\/","og_site_name":"Vidzemes pl\u0101no\u0161anas re\u0123ions","article_published_time":"2025-11-10T11:31:27+00:00","article_modified_time":"2025-11-12T13:21:38+00:00","og_image":[{"width":2560,"height":1920,"url":"https:\/\/www.vidzeme.lv\/wp-content\/uploads\/2025\/11\/IMG_20251028_152346-scaled.jpg","type":"image\/jpeg"}],"author":"Krista Bl\u016bma","twitter_card":"summary_large_image","twitter_misc":{"Written by":"Krista Bl\u016bma","Est. reading time":"4 minutes"},"schema":{"@context":"https:\/\/schema.org","@graph":[{"@type":"Article","@id":"https:\/\/www.vidzeme.lv\/en\/vidzemes-planosanas-regions-kopa-ar-eiropas-partneriem-uzsak-darbu-pie-klimata-noturibas-stiprinasanas-projekta-grace\/#article","isPartOf":{"@id":"https:\/\/www.vidzeme.lv\/en\/vidzemes-planosanas-regions-kopa-ar-eiropas-partneriem-uzsak-darbu-pie-klimata-noturibas-stiprinasanas-projekta-grace\/"},"author":{"name":"Krista Bl\u016bma","@id":"https:\/\/www.vidzeme.lv\/en\/#\/schema\/person\/5ece1153eb42686b2878bb52126984f3"},"headline":"Vidzeme Planning Region joins European partners to launch the GRACE climate resilience project","datePublished":"2025-11-10T11:31:27+00:00","dateModified":"2025-11-12T13:21:38+00:00","mainEntityOfPage":{"@id":"https:\/\/www.vidzeme.lv\/en\/vidzemes-planosanas-regions-kopa-ar-eiropas-partneriem-uzsak-darbu-pie-klimata-noturibas-stiprinasanas-projekta-grace\/"},"wordCount":573,"commentCount":0,"publisher":{"@id":"https:\/\/www.vidzeme.lv\/en\/#organization"},"image":{"@id":"https:\/\/www.vidzeme.lv\/en\/vidzemes-planosanas-regions-kopa-ar-eiropas-partneriem-uzsak-darbu-pie-klimata-noturibas-stiprinasanas-projekta-grace\/#primaryimage"},"thumbnailUrl":"https:\/\/www.vidzeme.lv\/wp-content\/uploads\/2025\/11\/IMG_20251028_152346-scaled.jpg","articleSection":["Environment"],"inLanguage":"en-US","potentialAction":[{"@type":"CommentAction","name":"Comment","target":["https:\/\/www.vidzeme.lv\/en\/vidzemes-planosanas-regions-kopa-ar-eiropas-partneriem-uzsak-darbu-pie-klimata-noturibas-stiprinasanas-projekta-grace\/#respond"]}]},{"@type":"WebPage","@id":"https:\/\/www.vidzeme.lv\/en\/vidzemes-planosanas-regions-kopa-ar-eiropas-partneriem-uzsak-darbu-pie-klimata-noturibas-stiprinasanas-projekta-grace\/","url":"https:\/\/www.vidzeme.lv\/en\/vidzemes-planosanas-regions-kopa-ar-eiropas-partneriem-uzsak-darbu-pie-klimata-noturibas-stiprinasanas-projekta-grace\/","name":"Vidzeme Planning Region joins European partners to launch the GRACE climate resilience project - Vidzemes pl\u0101no\u0161anas re\u0123ions","isPartOf":{"@id":"https:\/\/www.vidzeme.lv\/en\/#website"},"primaryImageOfPage":{"@id":"https:\/\/www.vidzeme.lv\/en\/vidzemes-planosanas-regions-kopa-ar-eiropas-partneriem-uzsak-darbu-pie-klimata-noturibas-stiprinasanas-projekta-grace\/#primaryimage"},"image":{"@id":"https:\/\/www.vidzeme.lv\/en\/vidzemes-planosanas-regions-kopa-ar-eiropas-partneriem-uzsak-darbu-pie-klimata-noturibas-stiprinasanas-projekta-grace\/#primaryimage"},"thumbnailUrl":"https:\/\/www.vidzeme.lv\/wp-content\/uploads\/2025\/11\/IMG_20251028_152346-scaled.jpg","datePublished":"2025-11-10T11:31:27+00:00","dateModified":"2025-11-12T13:21:38+00:00","description":"[vc_row][vc_column][\/vc_column][\/vc_row]","breadcrumb":{"@id":"https:\/\/www.vidzeme.lv\/en\/vidzemes-planosanas-regions-kopa-ar-eiropas-partneriem-uzsak-darbu-pie-klimata-noturibas-stiprinasanas-projekta-grace\/#breadcrumb"},"inLanguage":"en-US","potentialAction":[{"@type":"ReadAction","target":["https:\/\/www.vidzeme.lv\/en\/vidzemes-planosanas-regions-kopa-ar-eiropas-partneriem-uzsak-darbu-pie-klimata-noturibas-stiprinasanas-projekta-grace\/"]}]},{"@type":"ImageObject","inLanguage":"en-US","@id":"https:\/\/www.vidzeme.lv\/en\/vidzemes-planosanas-regions-kopa-ar-eiropas-partneriem-uzsak-darbu-pie-klimata-noturibas-stiprinasanas-projekta-grace\/#primaryimage","url":"https:\/\/www.vidzeme.lv\/wp-content\/uploads\/2025\/11\/IMG_20251028_152346-scaled.jpg","contentUrl":"https:\/\/www.vidzeme.lv\/wp-content\/uploads\/2025\/11\/IMG_20251028_152346-scaled.jpg","width":2560,"height":1920,"caption":"vidzeme planning region joins european partners to launch the grace climate resilience project"},{"@type":"BreadcrumbList","@id":"https:\/\/www.vidzeme.lv\/en\/vidzemes-planosanas-regions-kopa-ar-eiropas-partneriem-uzsak-darbu-pie-klimata-noturibas-stiprinasanas-projekta-grace\/#breadcrumb","itemListElement":[{"@type":"ListItem","position":1,"name":"Home","item":"https:\/\/www.vidzeme.lv\/en\/"},{"@type":"ListItem","position":2,"name":"Vidzeme Planning Region joins European partners to launch the GRACE climate resilience project"}]},{"@type":"WebSite","@id":"https:\/\/www.vidzeme.lv\/en\/#website","url":"https:\/\/www.vidzeme.lv\/en\/","name":"Vidzeme","description":"Vidzemes pl\u0101no\u0161anas re\u0123ions","publisher":{"@id":"https:\/\/www.vidzeme.lv\/en\/#organization"},"potentialAction":[{"@type":"SearchAction","target":{"@type":"EntryPoint","urlTemplate":"https:\/\/www.vidzeme.lv\/en\/?s={search_term_string}"},"query-input":{"@type":"PropertyValueSpecification","valueRequired":true,"valueName":"search_term_string"}}],"inLanguage":"en-US"},{"@type":"Organization","@id":"https:\/\/www.vidzeme.lv\/en\/#organization","name":"Vidzemes pl\u0101no\u0161anas re\u0123ions","url":"https:\/\/www.vidzeme.lv\/en\/","logo":{"@type":"ImageObject","inLanguage":"en-US","@id":"https:\/\/www.vidzeme.lv\/en\/#\/schema\/logo\/image\/","url":"https:\/\/www.vidzeme.lv\/wp-content\/uploads\/2023\/05\/logo.png","contentUrl":"https:\/\/www.vidzeme.lv\/wp-content\/uploads\/2023\/05\/logo.png","width":291,"height":186,"caption":"Vidzemes pl\u0101no\u0161anas re\u0123ions"},"image":{"@id":"https:\/\/www.vidzeme.lv\/en\/#\/schema\/logo\/image\/"}},{"@type":"Person","@id":"https:\/\/www.vidzeme.lv\/en\/#\/schema\/person\/5ece1153eb42686b2878bb52126984f3","name":"Krista Bl\u016bma","image":{"@type":"ImageObject","inLanguage":"en-US","@id":"https:\/\/www.vidzeme.lv\/en\/#\/schema\/person\/image\/","url":"https:\/\/secure.gravatar.com\/avatar\/d986a2b6abdd112c6e3eaa8cb6e6ca42?s=96&d=mm&r=g","contentUrl":"https:\/\/secure.gravatar.com\/avatar\/d986a2b6abdd112c6e3eaa8cb6e6ca42?s=96&d=mm&r=g","caption":"Krista Bl\u016bma"}}]}},"_links":{"self":[{"href":"https:\/\/www.vidzeme.lv\/en\/wp-json\/wp\/v2\/posts\/75298","targetHints":{"allow":["GET"]}}],"collection":[{"href":"https:\/\/www.vidzeme.lv\/en\/wp-json\/wp\/v2\/posts"}],"about":[{"href":"https:\/\/www.vidzeme.lv\/en\/wp-json\/wp\/v2\/types\/post"}],"author":[{"embeddable":true,"href":"https:\/\/www.vidzeme.lv\/en\/wp-json\/wp\/v2\/users\/15"}],"replies":[{"embeddable":true,"href":"https:\/\/www.vidzeme.lv\/en\/wp-json\/wp\/v2\/comments?post=75298"}],"version-history":[{"count":2,"href":"https:\/\/www.vidzeme.lv\/en\/wp-json\/wp\/v2\/posts\/75298\/revisions"}],"predecessor-version":[{"id":75300,"href":"https:\/\/www.vidzeme.lv\/en\/wp-json\/wp\/v2\/posts\/75298\/revisions\/75300"}],"wp:featuredmedia":[{"embeddable":true,"href":"https:\/\/www.vidzeme.lv\/en\/wp-json\/wp\/v2\/media\/75087"}],"wp:attachment":[{"href":"https:\/\/www.vidzeme.lv\/en\/wp-json\/wp\/v2\/media?parent=75298"}],"wp:term":[{"taxonomy":"category","embeddable":true,"href":"https:\/\/www.vidzeme.lv\/en\/wp-json\/wp\/v2\/categories?post=75298"},{"taxonomy":"post_tag","embeddable":true,"href":"https:\/\/www.vidzeme.lv\/en\/wp-json\/wp\/v2\/tags?post=75298"}],"curies":[{"name":"wp","href":"https:\/\/api.w.org\/{rel}","templated":true}]}}