{"id":78322,"date":"2026-03-12T11:19:12","date_gmt":"2026-03-12T08:19:12","guid":{"rendered":"https:\/\/www.vidzeme.lv\/?p=78322"},"modified":"2026-03-12T11:19:35","modified_gmt":"2026-03-12T08:19:35","slug":"vidzeme-planning-region-strengthens-international-cooperation-in-climate-change-mitigation-in-portugal","status":"publish","type":"post","link":"https:\/\/www.vidzeme.lv\/en\/vidzeme-planning-region-strengthens-international-cooperation-in-climate-change-mitigation-in-portugal\/","title":{"rendered":"Vidzeme Planning Region Strengthens International Cooperation in Climate Change Mitigation in Portugal"},"content":{"rendered":"<p>From 9 to 12 February 2026, the 4th transnational partner meeting of the project \u201cEchoGreen \u2013 Reshaping Our Environment\u201d took place in Vila Nova de Poiares and Coimbra (Portugal). The meeting was dedicated to climate change mitigation (WP4 \u201cClimate Mitigation\u201d). A total of 67 participants from 13 European Union countries attended, representing municipalities, regional development institutions, educational establishments, and non-governmental organisations. Vidzeme Planning Region represented Latvia at the event.<\/p>\n<p>The meeting in Portugal focused on the implementation of climate objectives at local and regional level \u2013 reducing greenhouse gas emissions, developing renewable energy, improving energy efficiency, and promoting circular economy principles.<\/p>\n<p><strong>From Policy Objectives to Practical Action<\/strong><\/p>\n<p>The programme included thematic conferences on renewable energy and the REPowerEU initiative, interactive workshops, and discussions on the role of local authorities in achieving climate targets. Participants analysed how EU objectives \u2013 reducing greenhouse gas emissions by at least 55% by 2030 and achieving climate neutrality by 2050 \u2013 are being implemented at local and regional levels.<\/p>\n<p>One of the outcomes of the meeting was the jointly developed \u201cDecalogue EchoGreen\u201d \u2013 ten principles for sustainable action that reflect the partners\u2019 shared vision on responsible resource use, circular economy, and community engagement. The document will be presented at the project\u2019s final meeting in Slovenia.<\/p>\n<p>During the visit, partners also learned about local initiatives in the municipality of Vila Nova de Poiares. Particular interest was shown in the \u201cCapril da Serra\u201d project, where traditional goat farming is used as a tool for landscape management and wildfire risk reduction, while preserving cultural heritage and promoting sustainable tourism. Participants also met representatives of a local school to learn about the Eco-Schools initiative, which encourages young people\u2019s involvement in environmental issues and the integration of sustainable lifestyle principles into everyday life.<\/p>\n<p><strong>Vidzeme\u2019s Experience \u2013 From Bioenergy to Solar and Wind Projects<\/strong><\/p>\n<p>During the meeting, Inguna Kucina, Project Manager at Vidzeme Planning Region, presented renewable energy development trends in Vidzeme. The presentation highlighted the region\u2019s specific characteristics \u2013 extensive forest areas, low population density, and a historically strong reliance on bioenergy in heat supply \u2013 as well as the rapid development of solar and wind energy in recent years.<\/p>\n<p>Kucina introduced the example of the Prieku\u013ci solar park, as well as planned and ongoing wind energy projects, including those in Smiltene municipality. Discussions addressed the challenges faced by sparsely populated areas, including public engagement, spatial planning, and infrastructure adaptation.<\/p>\n<p>\u201cIn Vidzeme, we are currently witnessing a significant transition from traditional bioenergy dominance to a more diversified renewable energy portfolio. Solar parks and wind projects are becoming an important component of regional development and energy security \u2013 creating new opportunities while also requiring a careful balance between economic, environmental, and social interests. International exchange of experience allows us to assess both good practices and the risks associated with rapid energy transformation in rural territories,\u201d emphasises I. Kucina.<\/p>\n<p><strong>About the Project<\/strong><\/p>\n<p><em>The project \u201cEchoGreen \u2013 Reshaping Our Environment\u201d is implemented under the EU CERV programme and brings together 14 partners from 13 European Union countries. The project aims to strengthen public awareness of environmental protection, circular economy, and the priorities of the European Green Deal, while promoting active citizen engagement in building a sustainable future.<\/em><\/p>\n","protected":false},"excerpt":{"rendered":"<p>From 9 to 12 February 2026, the 4th transnational partner meeting of the project \u201cEchoGreen \u2013 Reshaping Our Environment\u201d took place in Vila Nova de Poiares and Coimbra (Portugal). The meeting was dedicated to climate change mitigation (WP4 \u201cClimate Mitigation\u201d). A total of 67 participants from 13 European Union countries attended, representing municipalities, regional development [&hellip;]<\/p>\n","protected":false},"author":13,"featured_media":78306,"comment_status":"open","ping_status":"open","sticky":false,"template":"","format":"standard","meta":{"_acf_changed":false,"footnotes":""},"categories":[209],"tags":[],"class_list":["post-78322","post","type-post","status-publish","format-standard","has-post-thumbnail","hentry","category-environment"],"acf":[],"yoast_head":"<!-- This site is optimized with the Yoast SEO plugin v25.6 - https:\/\/yoast.com\/wordpress\/plugins\/seo\/ -->\n<title>Vidzeme Planning Region Strengthens International Cooperation in Climate Change Mitigation in Portugal - Vidzemes pl\u0101no\u0161anas re\u0123ions<\/title>\n<meta name=\"description\" content=\"From 9 to 12 February 2026, the 4th transnational partner meeting of the project \u201cEchoGreen \u2013 Reshaping Our Environment\u201d took place in Vila Nova de&hellip;\" \/>\n<meta name=\"robots\" content=\"index, follow, max-snippet:-1, max-image-preview:large, max-video-preview:-1\" \/>\n<link rel=\"canonical\" href=\"https:\/\/www.vidzeme.lv\/en\/vidzeme-planning-region-strengthens-international-cooperation-in-climate-change-mitigation-in-portugal\/\" \/>\n<meta property=\"og:locale\" content=\"en_US\" \/>\n<meta property=\"og:type\" content=\"article\" \/>\n<meta property=\"og:title\" content=\"Vidzeme Planning Region Strengthens International Cooperation in Climate Change Mitigation in Portugal - Vidzemes pl\u0101no\u0161anas re\u0123ions\" \/>\n<meta property=\"og:description\" content=\"From 9 to 12 February 2026, the 4th transnational partner meeting of the project \u201cEchoGreen \u2013 Reshaping Our Environment\u201d took place in Vila Nova de&hellip;\" \/>\n<meta property=\"og:url\" content=\"https:\/\/www.vidzeme.lv\/en\/vidzeme-planning-region-strengthens-international-cooperation-in-climate-change-mitigation-in-portugal\/\" \/>\n<meta property=\"og:site_name\" content=\"Vidzemes pl\u0101no\u0161anas re\u0123ions\" \/>\n<meta property=\"article:published_time\" content=\"2026-03-12T08:19:12+00:00\" \/>\n<meta property=\"article:modified_time\" content=\"2026-03-12T08:19:35+00:00\" \/>\n<meta property=\"og:image\" content=\"https:\/\/www.vidzeme.lv\/wp-content\/uploads\/2026\/03\/WhatsApp-Image-2026-03-12-at-10.05.02.jpeg\" \/>\n\t<meta property=\"og:image:width\" content=\"2048\" \/>\n\t<meta property=\"og:image:height\" content=\"1328\" \/>\n\t<meta property=\"og:image:type\" content=\"image\/jpeg\" \/>\n<meta name=\"author\" content=\"Marta Rieksti\u0146a\" \/>\n<meta name=\"twitter:card\" content=\"summary_large_image\" \/>\n<meta name=\"twitter:label1\" content=\"Written by\" \/>\n\t<meta name=\"twitter:data1\" content=\"Marta Rieksti\u0146a\" \/>\n\t<meta name=\"twitter:label2\" content=\"Est. reading time\" \/>\n\t<meta name=\"twitter:data2\" content=\"4 minutes\" \/>\n<script type=\"application\/ld+json\" class=\"yoast-schema-graph\">{\"@context\":\"https:\/\/schema.org\",\"@graph\":[{\"@type\":\"Article\",\"@id\":\"https:\/\/www.vidzeme.lv\/en\/vidzeme-planning-region-strengthens-international-cooperation-in-climate-change-mitigation-in-portugal\/#article\",\"isPartOf\":{\"@id\":\"https:\/\/www.vidzeme.lv\/en\/vidzeme-planning-region-strengthens-international-cooperation-in-climate-change-mitigation-in-portugal\/\"},\"author\":{\"name\":\"Marta Rieksti\u0146a\",\"@id\":\"https:\/\/www.vidzeme.lv\/en\/#\/schema\/person\/3547c9ae43bbc9d2ae6577bcb6a35d1d\"},\"headline\":\"Vidzeme Planning Region Strengthens International Cooperation in Climate Change Mitigation in Portugal\",\"datePublished\":\"2026-03-12T08:19:12+00:00\",\"dateModified\":\"2026-03-12T08:19:35+00:00\",\"mainEntityOfPage\":{\"@id\":\"https:\/\/www.vidzeme.lv\/en\/vidzeme-planning-region-strengthens-international-cooperation-in-climate-change-mitigation-in-portugal\/\"},\"wordCount\":531,\"commentCount\":0,\"publisher\":{\"@id\":\"https:\/\/www.vidzeme.lv\/en\/#organization\"},\"image\":{\"@id\":\"https:\/\/www.vidzeme.lv\/en\/vidzeme-planning-region-strengthens-international-cooperation-in-climate-change-mitigation-in-portugal\/#primaryimage\"},\"thumbnailUrl\":\"https:\/\/www.vidzeme.lv\/wp-content\/uploads\/2026\/03\/WhatsApp-Image-2026-03-12-at-10.05.02.jpeg\",\"articleSection\":[\"Environment\"],\"inLanguage\":\"en-US\",\"potentialAction\":[{\"@type\":\"CommentAction\",\"name\":\"Comment\",\"target\":[\"https:\/\/www.vidzeme.lv\/en\/vidzeme-planning-region-strengthens-international-cooperation-in-climate-change-mitigation-in-portugal\/#respond\"]}]},{\"@type\":\"WebPage\",\"@id\":\"https:\/\/www.vidzeme.lv\/en\/vidzeme-planning-region-strengthens-international-cooperation-in-climate-change-mitigation-in-portugal\/\",\"url\":\"https:\/\/www.vidzeme.lv\/en\/vidzeme-planning-region-strengthens-international-cooperation-in-climate-change-mitigation-in-portugal\/\",\"name\":\"Vidzeme Planning Region Strengthens International Cooperation in Climate Change Mitigation in Portugal - Vidzemes pl\u0101no\u0161anas re\u0123ions\",\"isPartOf\":{\"@id\":\"https:\/\/www.vidzeme.lv\/en\/#website\"},\"primaryImageOfPage\":{\"@id\":\"https:\/\/www.vidzeme.lv\/en\/vidzeme-planning-region-strengthens-international-cooperation-in-climate-change-mitigation-in-portugal\/#primaryimage\"},\"image\":{\"@id\":\"https:\/\/www.vidzeme.lv\/en\/vidzeme-planning-region-strengthens-international-cooperation-in-climate-change-mitigation-in-portugal\/#primaryimage\"},\"thumbnailUrl\":\"https:\/\/www.vidzeme.lv\/wp-content\/uploads\/2026\/03\/WhatsApp-Image-2026-03-12-at-10.05.02.jpeg\",\"datePublished\":\"2026-03-12T08:19:12+00:00\",\"dateModified\":\"2026-03-12T08:19:35+00:00\",\"description\":\"From 9 to 12 February 2026, the 4th transnational partner meeting of the project \u201cEchoGreen \u2013 Reshaping Our Environment\u201d took place in Vila Nova de&hellip;\",\"breadcrumb\":{\"@id\":\"https:\/\/www.vidzeme.lv\/en\/vidzeme-planning-region-strengthens-international-cooperation-in-climate-change-mitigation-in-portugal\/#breadcrumb\"},\"inLanguage\":\"en-US\",\"potentialAction\":[{\"@type\":\"ReadAction\",\"target\":[\"https:\/\/www.vidzeme.lv\/en\/vidzeme-planning-region-strengthens-international-cooperation-in-climate-change-mitigation-in-portugal\/\"]}]},{\"@type\":\"ImageObject\",\"inLanguage\":\"en-US\",\"@id\":\"https:\/\/www.vidzeme.lv\/en\/vidzeme-planning-region-strengthens-international-cooperation-in-climate-change-mitigation-in-portugal\/#primaryimage\",\"url\":\"https:\/\/www.vidzeme.lv\/wp-content\/uploads\/2026\/03\/WhatsApp-Image-2026-03-12-at-10.05.02.jpeg\",\"contentUrl\":\"https:\/\/www.vidzeme.lv\/wp-content\/uploads\/2026\/03\/WhatsApp-Image-2026-03-12-at-10.05.02.jpeg\",\"width\":2048,\"height\":1328},{\"@type\":\"BreadcrumbList\",\"@id\":\"https:\/\/www.vidzeme.lv\/en\/vidzeme-planning-region-strengthens-international-cooperation-in-climate-change-mitigation-in-portugal\/#breadcrumb\",\"itemListElement\":[{\"@type\":\"ListItem\",\"position\":1,\"name\":\"Home\",\"item\":\"https:\/\/www.vidzeme.lv\/en\/\"},{\"@type\":\"ListItem\",\"position\":2,\"name\":\"Vidzeme Planning Region Strengthens International Cooperation in Climate Change Mitigation in Portugal\"}]},{\"@type\":\"WebSite\",\"@id\":\"https:\/\/www.vidzeme.lv\/en\/#website\",\"url\":\"https:\/\/www.vidzeme.lv\/en\/\",\"name\":\"Vidzeme\",\"description\":\"Vidzemes pl\u0101no\u0161anas re\u0123ions\",\"publisher\":{\"@id\":\"https:\/\/www.vidzeme.lv\/en\/#organization\"},\"potentialAction\":[{\"@type\":\"SearchAction\",\"target\":{\"@type\":\"EntryPoint\",\"urlTemplate\":\"https:\/\/www.vidzeme.lv\/en\/?s={search_term_string}\"},\"query-input\":{\"@type\":\"PropertyValueSpecification\",\"valueRequired\":true,\"valueName\":\"search_term_string\"}}],\"inLanguage\":\"en-US\"},{\"@type\":\"Organization\",\"@id\":\"https:\/\/www.vidzeme.lv\/en\/#organization\",\"name\":\"Vidzemes pl\u0101no\u0161anas re\u0123ions\",\"url\":\"https:\/\/www.vidzeme.lv\/en\/\",\"logo\":{\"@type\":\"ImageObject\",\"inLanguage\":\"en-US\",\"@id\":\"https:\/\/www.vidzeme.lv\/en\/#\/schema\/logo\/image\/\",\"url\":\"https:\/\/www.vidzeme.lv\/wp-content\/uploads\/2023\/05\/logo.png\",\"contentUrl\":\"https:\/\/www.vidzeme.lv\/wp-content\/uploads\/2023\/05\/logo.png\",\"width\":291,\"height\":186,\"caption\":\"Vidzemes pl\u0101no\u0161anas re\u0123ions\"},\"image\":{\"@id\":\"https:\/\/www.vidzeme.lv\/en\/#\/schema\/logo\/image\/\"}},{\"@type\":\"Person\",\"@id\":\"https:\/\/www.vidzeme.lv\/en\/#\/schema\/person\/3547c9ae43bbc9d2ae6577bcb6a35d1d\",\"name\":\"Marta Rieksti\u0146a\",\"image\":{\"@type\":\"ImageObject\",\"inLanguage\":\"en-US\",\"@id\":\"https:\/\/www.vidzeme.lv\/en\/#\/schema\/person\/image\/\",\"url\":\"https:\/\/secure.gravatar.com\/avatar\/7c977490b63f986a11500e30844a301c?s=96&d=mm&r=g\",\"contentUrl\":\"https:\/\/secure.gravatar.com\/avatar\/7c977490b63f986a11500e30844a301c?s=96&d=mm&r=g\",\"caption\":\"Marta Rieksti\u0146a\"}}]}<\/script>\n<!-- \/ Yoast SEO plugin. -->","yoast_head_json":{"title":"Vidzeme Planning Region Strengthens International Cooperation in Climate Change Mitigation in Portugal - Vidzemes pl\u0101no\u0161anas re\u0123ions","description":"From 9 to 12 February 2026, the 4th transnational partner meeting of the project \u201cEchoGreen \u2013 Reshaping Our Environment\u201d took place in Vila Nova de&hellip;","robots":{"index":"index","follow":"follow","max-snippet":"max-snippet:-1","max-image-preview":"max-image-preview:large","max-video-preview":"max-video-preview:-1"},"canonical":"https:\/\/www.vidzeme.lv\/en\/vidzeme-planning-region-strengthens-international-cooperation-in-climate-change-mitigation-in-portugal\/","og_locale":"en_US","og_type":"article","og_title":"Vidzeme Planning Region Strengthens International Cooperation in Climate Change Mitigation in Portugal - Vidzemes pl\u0101no\u0161anas re\u0123ions","og_description":"From 9 to 12 February 2026, the 4th transnational partner meeting of the project \u201cEchoGreen \u2013 Reshaping Our Environment\u201d took place in Vila Nova de&hellip;","og_url":"https:\/\/www.vidzeme.lv\/en\/vidzeme-planning-region-strengthens-international-cooperation-in-climate-change-mitigation-in-portugal\/","og_site_name":"Vidzemes pl\u0101no\u0161anas re\u0123ions","article_published_time":"2026-03-12T08:19:12+00:00","article_modified_time":"2026-03-12T08:19:35+00:00","og_image":[{"width":2048,"height":1328,"url":"https:\/\/www.vidzeme.lv\/wp-content\/uploads\/2026\/03\/WhatsApp-Image-2026-03-12-at-10.05.02.jpeg","type":"image\/jpeg"}],"author":"Marta Rieksti\u0146a","twitter_card":"summary_large_image","twitter_misc":{"Written by":"Marta Rieksti\u0146a","Est. reading time":"4 minutes"},"schema":{"@context":"https:\/\/schema.org","@graph":[{"@type":"Article","@id":"https:\/\/www.vidzeme.lv\/en\/vidzeme-planning-region-strengthens-international-cooperation-in-climate-change-mitigation-in-portugal\/#article","isPartOf":{"@id":"https:\/\/www.vidzeme.lv\/en\/vidzeme-planning-region-strengthens-international-cooperation-in-climate-change-mitigation-in-portugal\/"},"author":{"name":"Marta Rieksti\u0146a","@id":"https:\/\/www.vidzeme.lv\/en\/#\/schema\/person\/3547c9ae43bbc9d2ae6577bcb6a35d1d"},"headline":"Vidzeme Planning Region Strengthens International Cooperation in Climate Change Mitigation in Portugal","datePublished":"2026-03-12T08:19:12+00:00","dateModified":"2026-03-12T08:19:35+00:00","mainEntityOfPage":{"@id":"https:\/\/www.vidzeme.lv\/en\/vidzeme-planning-region-strengthens-international-cooperation-in-climate-change-mitigation-in-portugal\/"},"wordCount":531,"commentCount":0,"publisher":{"@id":"https:\/\/www.vidzeme.lv\/en\/#organization"},"image":{"@id":"https:\/\/www.vidzeme.lv\/en\/vidzeme-planning-region-strengthens-international-cooperation-in-climate-change-mitigation-in-portugal\/#primaryimage"},"thumbnailUrl":"https:\/\/www.vidzeme.lv\/wp-content\/uploads\/2026\/03\/WhatsApp-Image-2026-03-12-at-10.05.02.jpeg","articleSection":["Environment"],"inLanguage":"en-US","potentialAction":[{"@type":"CommentAction","name":"Comment","target":["https:\/\/www.vidzeme.lv\/en\/vidzeme-planning-region-strengthens-international-cooperation-in-climate-change-mitigation-in-portugal\/#respond"]}]},{"@type":"WebPage","@id":"https:\/\/www.vidzeme.lv\/en\/vidzeme-planning-region-strengthens-international-cooperation-in-climate-change-mitigation-in-portugal\/","url":"https:\/\/www.vidzeme.lv\/en\/vidzeme-planning-region-strengthens-international-cooperation-in-climate-change-mitigation-in-portugal\/","name":"Vidzeme Planning Region Strengthens International Cooperation in Climate Change Mitigation in Portugal - Vidzemes pl\u0101no\u0161anas re\u0123ions","isPartOf":{"@id":"https:\/\/www.vidzeme.lv\/en\/#website"},"primaryImageOfPage":{"@id":"https:\/\/www.vidzeme.lv\/en\/vidzeme-planning-region-strengthens-international-cooperation-in-climate-change-mitigation-in-portugal\/#primaryimage"},"image":{"@id":"https:\/\/www.vidzeme.lv\/en\/vidzeme-planning-region-strengthens-international-cooperation-in-climate-change-mitigation-in-portugal\/#primaryimage"},"thumbnailUrl":"https:\/\/www.vidzeme.lv\/wp-content\/uploads\/2026\/03\/WhatsApp-Image-2026-03-12-at-10.05.02.jpeg","datePublished":"2026-03-12T08:19:12+00:00","dateModified":"2026-03-12T08:19:35+00:00","description":"From 9 to 12 February 2026, the 4th transnational partner meeting of the project \u201cEchoGreen \u2013 Reshaping Our Environment\u201d took place in Vila Nova de&hellip;","breadcrumb":{"@id":"https:\/\/www.vidzeme.lv\/en\/vidzeme-planning-region-strengthens-international-cooperation-in-climate-change-mitigation-in-portugal\/#breadcrumb"},"inLanguage":"en-US","potentialAction":[{"@type":"ReadAction","target":["https:\/\/www.vidzeme.lv\/en\/vidzeme-planning-region-strengthens-international-cooperation-in-climate-change-mitigation-in-portugal\/"]}]},{"@type":"ImageObject","inLanguage":"en-US","@id":"https:\/\/www.vidzeme.lv\/en\/vidzeme-planning-region-strengthens-international-cooperation-in-climate-change-mitigation-in-portugal\/#primaryimage","url":"https:\/\/www.vidzeme.lv\/wp-content\/uploads\/2026\/03\/WhatsApp-Image-2026-03-12-at-10.05.02.jpeg","contentUrl":"https:\/\/www.vidzeme.lv\/wp-content\/uploads\/2026\/03\/WhatsApp-Image-2026-03-12-at-10.05.02.jpeg","width":2048,"height":1328},{"@type":"BreadcrumbList","@id":"https:\/\/www.vidzeme.lv\/en\/vidzeme-planning-region-strengthens-international-cooperation-in-climate-change-mitigation-in-portugal\/#breadcrumb","itemListElement":[{"@type":"ListItem","position":1,"name":"Home","item":"https:\/\/www.vidzeme.lv\/en\/"},{"@type":"ListItem","position":2,"name":"Vidzeme Planning Region Strengthens International Cooperation in Climate Change Mitigation in Portugal"}]},{"@type":"WebSite","@id":"https:\/\/www.vidzeme.lv\/en\/#website","url":"https:\/\/www.vidzeme.lv\/en\/","name":"Vidzeme","description":"Vidzemes pl\u0101no\u0161anas re\u0123ions","publisher":{"@id":"https:\/\/www.vidzeme.lv\/en\/#organization"},"potentialAction":[{"@type":"SearchAction","target":{"@type":"EntryPoint","urlTemplate":"https:\/\/www.vidzeme.lv\/en\/?s={search_term_string}"},"query-input":{"@type":"PropertyValueSpecification","valueRequired":true,"valueName":"search_term_string"}}],"inLanguage":"en-US"},{"@type":"Organization","@id":"https:\/\/www.vidzeme.lv\/en\/#organization","name":"Vidzemes pl\u0101no\u0161anas re\u0123ions","url":"https:\/\/www.vidzeme.lv\/en\/","logo":{"@type":"ImageObject","inLanguage":"en-US","@id":"https:\/\/www.vidzeme.lv\/en\/#\/schema\/logo\/image\/","url":"https:\/\/www.vidzeme.lv\/wp-content\/uploads\/2023\/05\/logo.png","contentUrl":"https:\/\/www.vidzeme.lv\/wp-content\/uploads\/2023\/05\/logo.png","width":291,"height":186,"caption":"Vidzemes pl\u0101no\u0161anas re\u0123ions"},"image":{"@id":"https:\/\/www.vidzeme.lv\/en\/#\/schema\/logo\/image\/"}},{"@type":"Person","@id":"https:\/\/www.vidzeme.lv\/en\/#\/schema\/person\/3547c9ae43bbc9d2ae6577bcb6a35d1d","name":"Marta Rieksti\u0146a","image":{"@type":"ImageObject","inLanguage":"en-US","@id":"https:\/\/www.vidzeme.lv\/en\/#\/schema\/person\/image\/","url":"https:\/\/secure.gravatar.com\/avatar\/7c977490b63f986a11500e30844a301c?s=96&d=mm&r=g","contentUrl":"https:\/\/secure.gravatar.com\/avatar\/7c977490b63f986a11500e30844a301c?s=96&d=mm&r=g","caption":"Marta Rieksti\u0146a"}}]}},"_links":{"self":[{"href":"https:\/\/www.vidzeme.lv\/en\/wp-json\/wp\/v2\/posts\/78322","targetHints":{"allow":["GET"]}}],"collection":[{"href":"https:\/\/www.vidzeme.lv\/en\/wp-json\/wp\/v2\/posts"}],"about":[{"href":"https:\/\/www.vidzeme.lv\/en\/wp-json\/wp\/v2\/types\/post"}],"author":[{"embeddable":true,"href":"https:\/\/www.vidzeme.lv\/en\/wp-json\/wp\/v2\/users\/13"}],"replies":[{"embeddable":true,"href":"https:\/\/www.vidzeme.lv\/en\/wp-json\/wp\/v2\/comments?post=78322"}],"version-history":[{"count":2,"href":"https:\/\/www.vidzeme.lv\/en\/wp-json\/wp\/v2\/posts\/78322\/revisions"}],"predecessor-version":[{"id":78324,"href":"https:\/\/www.vidzeme.lv\/en\/wp-json\/wp\/v2\/posts\/78322\/revisions\/78324"}],"wp:featuredmedia":[{"embeddable":true,"href":"https:\/\/www.vidzeme.lv\/en\/wp-json\/wp\/v2\/media\/78306"}],"wp:attachment":[{"href":"https:\/\/www.vidzeme.lv\/en\/wp-json\/wp\/v2\/media?parent=78322"}],"wp:term":[{"taxonomy":"category","embeddable":true,"href":"https:\/\/www.vidzeme.lv\/en\/wp-json\/wp\/v2\/categories?post=78322"},{"taxonomy":"post_tag","embeddable":true,"href":"https:\/\/www.vidzeme.lv\/en\/wp-json\/wp\/v2\/tags?post=78322"}],"curies":[{"name":"wp","href":"https:\/\/api.w.org\/{rel}","templated":true}]}}